{"id":151567,"date":"2025-08-06T08:23:04","date_gmt":"2025-08-06T11:23:04","guid":{"rendered":"https:\/\/vinasfm.com\/noticias\/?p=151567"},"modified":"2025-08-06T08:23:04","modified_gmt":"2025-08-06T11:23:04","slug":"rus-entrego-equipamiento-clave-para-bomberos-del-este-y-refuerza-la-respuesta-ante-emergencias","status":"publish","type":"post","link":"https:\/\/vinasfm.com\/noticias\/rus-entrego-equipamiento-clave-para-bomberos-del-este-y-refuerza-la-respuesta-ante-emergencias\/","title":{"rendered":"RUS ENTREG\u00d3 EQUIPAMIENTO CLAVE PARA BOMBEROS DEL ESTE Y REFUERZA LA RESPUESTA ANTE EMERGENCIAS"},"content":{"rendered":"<h4><span style=\"color: #003300;\"><strong>La ministra destac\u00f3 la inversi\u00f3n r\u00e9cord en bienes de capital y el rol estrat\u00e9gico de los bomberos dentro del sistema de seguridad provincial. Tambi\u00e9n se anunciaron avances en tecnolog\u00eda, operativos de alto impacto y medidas para combatir el abigeato en el Este mendocino.<\/strong><\/span><\/h4>\n<p>La<em> ministra de Seguridad y Justicia de Mendoza<\/em>, <span style=\"color: #003366;\"><strong>Mercedes Rus<\/strong><\/span>, encabez\u00f3 en Jun\u00edn una importante entrega de equipamiento destinado a los cuerpos de Bomberos de la Polic\u00eda de Mendoza de la Zona Este. Acompa\u00f1ada por el<span style=\"color: #003366;\"><strong> intendente Mario Abed<\/strong><\/span> y autoridades provinciales, municipales y de la fuerza, <strong>la funcionaria destac\u00f3 la inversi\u00f3n in\u00e9dita en bienes de capital para fortalecer la respuesta ante emergencias en el territorio.<\/strong><\/p>\n<p>Estuvieron presentes el<em> director general de Relaciones con la Comunidad<\/em>,<strong><span style=\"color: #003366;\"> Hern\u00e1n Amat<\/span><\/strong>;<em>\u00a0el director de Defensa Civil<\/em>, <strong><span style=\"color: #003366;\">Daniel Burrieza<\/span><\/strong>; el <em>jefe policial de la Distrital III<\/em>, <span style=\"color: #003366;\"><strong>Carlos Arrigo<\/strong><\/span>; el <em>director de Bomberos<\/em>, <strong><span style=\"color: #003366;\">subcomisario Cristian Paura<\/span><\/strong>, y el<em> jefe de la Delegaci\u00f3n de Bomberos Zona Este<\/em>, <span style=\"color: #003366;\"><strong>subcomisario H\u00e9ctor Peralta<\/strong><\/span>.<\/p>\n<p>La actividad se realiz\u00f3 en la <strong>Delegaci\u00f3n Bomberos de La Colonia en Jun\u00edn<\/strong>. Durante el acto, se entreg\u00f3 <strong>una camioneta 4 por 4 de primera intervenci\u00f3n<\/strong> \u2014una de las seis adquiridas este a\u00f1o\u2014, <strong>adem\u00e1s de nueve equipos estructurales completos compuestos por chaqueta, pantal\u00f3n, casco y botas, fundamentales para la protecci\u00f3n del personal en situaciones de riesgo extremo.<\/strong><\/p>\n<p>El paquete de equipamiento incluy\u00f3 tambi\u00e9n<strong> herramientas espec\u00edficas para el combate de incendios forestales<\/strong>, como rastrillos McLeod, palas punta coraz\u00f3n y azotadores o chicotes forestales, que permiten trabajar de forma directa sobre focos \u00edgneos en terrenos de dif\u00edcil acceso.<\/p>\n<p><img loading=\"lazy\" decoding=\"async\" class=\"\" src=\"https:\/\/www.mendoza.gov.ar\/wp-content\/uploads\/sites\/5\/2025\/08\/MG_4312.jpg\" width=\"355\" height=\"236\" \/> <img loading=\"lazy\" decoding=\"async\" class=\"\" src=\"https:\/\/www.mendoza.gov.ar\/wp-content\/uploads\/sites\/5\/2025\/08\/MG_4313.jpg\" width=\"356\" height=\"237\" \/><\/p>\n<p>La entrega se enmarca en el <strong>proceso de modernizaci\u00f3n y fortalecimiento del sistema de seguridad p\u00fablica que el Gobierno de Mendoza impulsa desde 2016.<\/strong> Estos nuevos recursos permitir\u00e1n reforzar la capacidad operativa de las subdelegaciones de Bomberos del Este, optimizando tanto la respuesta ante emergencias como el trabajo preventivo en toda la regi\u00f3n.<\/p>\n<p>Esta incorporaci\u00f3n es parte de la inversi\u00f3n r\u00e9cord en seguridad anunciada recientemente por el Gobernador Alfredo Cornejo, que en 2025 ya supera los $22.000 millones en bienes de capital, con la incorporaci\u00f3n de 344 nuevos agentes, 226 veh\u00edculos, 3.000 chalecos antibalas, 680 armas y equipamiento tecnol\u00f3gico de \u00faltima generaci\u00f3n.<\/p>\n<p><em><strong>\u201cCon todos los departamentos y todos los intendentes hemos conversado sobre estos bienes de capital que ingresan al Ministerio de Seguridad y que son tan esenciales para la funci\u00f3n que tan bien realizan los bomberos de la Polic\u00eda de Mendoza\u201d<\/strong><\/em>, expres\u00f3 la ministra Rus. Y agreg\u00f3: <em><strong>\u201cEsto que vemos hoy \u2014camioneta, equipos estructurales, autobombas\u2014 hac\u00eda mucho que no se incorporaba. Estamos incorporando seis unidades ahora, y hacia fin de a\u00f1o llegaran tres autobombas\u201d.<\/strong><\/em><\/p>\n<p><img loading=\"lazy\" decoding=\"async\" class=\"aligncenter\" src=\"https:\/\/www.mendoza.gov.ar\/wp-content\/uploads\/sites\/5\/2025\/08\/MG_4754.jpg\" width=\"630\" height=\"420\" \/><\/p>\n<p>En esa misma l\u00ednea, el intendente Mario Abed agradeci\u00f3 el trabajo de los bomberos del Este y valor\u00f3 la inversi\u00f3n: <em><strong>\u201cMuy pocas veces podemos decirlo, y hoy aprovecho para agradecer el trabajo inmenso que hacen desde esta delegaci\u00f3n y en los departamentos vecinos. En condiciones normales o de emergencia, lo hacen con una dedicaci\u00f3n incre\u00edble\u201d<\/strong><\/em>, sostuvo. Y a\u00f1adi\u00f3:<em><strong> \u201cEntregar este m\u00f3vil es darles las herramientas necesarias para hacer mejor su trabajo. S\u00e9 que vienen m\u00e1s unidades y s\u00e9 que est\u00e1n dentro de las licitaciones. Esto es parte de una planificaci\u00f3n que nos beneficia a todos\u201d.<\/strong><\/em><\/p>\n<p>Tambi\u00e9n se refiri\u00f3 a la entrega el director general de Relaciones con la Comunidad, Hern\u00e1n Amat, quien resalt\u00f3 la magnitud de la inversi\u00f3n provincial: <em><strong>\u201cEste tipo de equipamiento hac\u00eda a\u00f1os que no se adquir\u00eda. Alcanzamos un 8,55 por ciento del presupuesto en bienes de capital. Es una inversi\u00f3n hist\u00f3rica, y esta camioneta 4 por 4 que entregamos hoy es parte de ese esfuerzo\u201d.<\/strong><\/em><\/p>\n<p>&nbsp;<\/p>\n","protected":false},"excerpt":{"rendered":"<p>La ministra destac\u00f3 la inversi\u00f3n r\u00e9cord en bienes de capital y el rol estrat\u00e9gico de los bomberos dentro del sistema de &#8230;<\/p>\n","protected":false},"author":7,"featured_media":151568,"comment_status":"open","ping_status":"open","sticky":false,"template":"","format":"standard","meta":{"footnotes":""},"categories":[1],"tags":[],"class_list":["post-151567","post","type-post","status-publish","format-standard","has-post-thumbnail","hentry","category-fmvinas"],"_links":{"self":[{"href":"https:\/\/vinasfm.com\/noticias\/wp-json\/wp\/v2\/posts\/151567","targetHints":{"allow":["GET"]}}],"collection":[{"href":"https:\/\/vinasfm.com\/noticias\/wp-json\/wp\/v2\/posts"}],"about":[{"href":"https:\/\/vinasfm.com\/noticias\/wp-json\/wp\/v2\/types\/post"}],"author":[{"embeddable":true,"href":"https:\/\/vinasfm.com\/noticias\/wp-json\/wp\/v2\/users\/7"}],"replies":[{"embeddable":true,"href":"https:\/\/vinasfm.com\/noticias\/wp-json\/wp\/v2\/comments?post=151567"}],"version-history":[{"count":1,"href":"https:\/\/vinasfm.com\/noticias\/wp-json\/wp\/v2\/posts\/151567\/revisions"}],"predecessor-version":[{"id":151569,"href":"https:\/\/vinasfm.com\/noticias\/wp-json\/wp\/v2\/posts\/151567\/revisions\/151569"}],"wp:featuredmedia":[{"embeddable":true,"href":"https:\/\/vinasfm.com\/noticias\/wp-json\/wp\/v2\/media\/151568"}],"wp:attachment":[{"href":"https:\/\/vinasfm.com\/noticias\/wp-json\/wp\/v2\/media?parent=151567"}],"wp:term":[{"taxonomy":"category","embeddable":true,"href":"https:\/\/vinasfm.com\/noticias\/wp-json\/wp\/v2\/categories?post=151567"},{"taxonomy":"post_tag","embeddable":true,"href":"https:\/\/vinasfm.com\/noticias\/wp-json\/wp\/v2\/tags?post=151567"}],"curies":[{"name":"wp","href":"https:\/\/api.w.org\/{rel}","templated":true}]}}