{"id":151560,"date":"2025-08-05T18:11:24","date_gmt":"2025-08-05T21:11:24","guid":{"rendered":"https:\/\/vinasfm.com\/noticias\/?p=151560"},"modified":"2025-08-05T18:11:24","modified_gmt":"2025-08-05T21:11:24","slug":"carlos-ponce-impulsa-el-desarrollo-del-paso-las-lenas-y-reclama-decision-politica-por-el-paso-pehuenche","status":"publish","type":"post","link":"https:\/\/vinasfm.com\/noticias\/carlos-ponce-impulsa-el-desarrollo-del-paso-las-lenas-y-reclama-decision-politica-por-el-paso-pehuenche\/","title":{"rendered":"CARLOS PONCE IMPULSA EL DESARROLLO DEL PASO LAS LE\u00d1AS Y RECLAMA DECISI\u00d3N POL\u00cdTICA POR EL PASO PEHUENCHE"},"content":{"rendered":"<p data-start=\"328\" data-end=\"580\"><strong data-start=\"328\" data-end=\"580\">El referente de Alvearences por el Futuro ser\u00e1 parte de una reuni\u00f3n clave en Buenos Aires para reactivar el proyecto binacional que une Mendoza con Chile. Adem\u00e1s, pidi\u00f3 mayor compromiso de los gobiernos para habilitar plenamente el Paso Pehuenche.<\/strong><\/p>\n<p data-start=\"582\" data-end=\"997\">Ha sido una semana intensa e interesante para el espacio pol\u00edtico \u201cAlvearenses por el Futuro\u201d (tambi\u00e9n conocido como \u201cMendocinos por el Futuro\u201d), desde donde destacaron la figura <strong><span style=\"color: #800080;\">Luis Petri<\/span><\/strong> por su rol articulador entre el Gobierno nacional y el provincial. En ese marco, <strong><span style=\"color: #800080;\">Carlos Ponce<\/span><\/strong>, referente del espacio, se perfila como una de las voces m\u00e1s activas en la agenda de desarrollo para el sur provincial.<\/p>\n<p data-start=\"999\" data-end=\"1397\">Desde el comienzo de la gesti\u00f3n del presidente Javier Milei, <strong><span style=\"color: #800080;\">Petri<\/span><\/strong> ha impulsado una visi\u00f3n de integraci\u00f3n entre ambos niveles de gobierno, con el objetivo de alcanzar consensos que garanticen gobernabilidad y empujen una nueva etapa de desarrollo.<\/p>\n<p data-start=\"1399\" data-end=\"1584\"><em><strong>&#8216;El radicalismo, el Frente Cambia Mendoza, La Libertad Avanza estamos comprometidos con este proyecto&#8217;<\/strong><\/em>, expres\u00f3<strong><span style=\"color: #800080;\"> Ponce<\/span><\/strong>.<\/p>\n<p data-start=\"1586\" data-end=\"1628\"><strong data-start=\"1586\" data-end=\"1628\">Formaci\u00f3n, trabajo y vocaci\u00f3n pol\u00edtica<\/strong><\/p>\n<p data-start=\"1630\" data-end=\"2024\"><strong><span style=\"color: #800080;\">Carlos Ponce<\/span><\/strong> tambi\u00e9n record\u00f3 su trayectoria, haciendo hincapi\u00e9 en su participaci\u00f3n como candidato a intendente en 2023 y su vocaci\u00f3n de servicio p\u00fablico desde el llano: <em><strong>&#8216;somos personas preparadas que venimos trabajando sin necesidad de un cargo, ofreciendo gesti\u00f3n, pero tambi\u00e9n es necesaria una construcci\u00f3n de poder para ofrecerle verdaderamente un cambio a la pol\u00edtica&#8217;<\/strong><\/em>, afirm\u00f3.<\/p>\n<p data-start=\"2026\" data-end=\"2302\">Con ra\u00edces familiares ligadas a la producci\u00f3n frut\u00edcola y una visi\u00f3n centrada en la necesidad de devolver al entorno lo que este ofrece, se\u00f1al\u00f3 que la pol\u00edtica debe ser vista como una herramienta transformadora, m\u00e1s all\u00e1 de los prejuicios que puedan pesar sobre los pol\u00edticos.<\/p>\n<p data-start=\"2304\" data-end=\"2359\"><strong data-start=\"2304\" data-end=\"2359\">Reuni\u00f3n clave en Buenos Aires por el Paso Las Le\u00f1as<\/strong><\/p>\n<p data-start=\"2361\" data-end=\"2651\">Este lunes, <strong><span style=\"color: #800080;\">Carlos Ponce<\/span><\/strong> participar\u00e1 en Buenos Aires de una reuni\u00f3n fundamental con el Secretario de Asuntos Econ\u00f3micos Internacionales. El encuentro surge tras una visita del ministro Luis Petri a San Rafael en mayo, donde se retomaron propuestas con el empresariado local.<\/p>\n<p data-start=\"2653\" data-end=\"2702\">Entre los principales temas a tratar se destacan:<\/p>\n<ul data-start=\"2703\" data-end=\"3145\">\n<li data-start=\"2703\" data-end=\"2806\">\n<p data-start=\"2705\" data-end=\"2806\">La reactivaci\u00f3n del <strong data-start=\"2725\" data-end=\"2743\">Paso Las Le\u00f1as<\/strong>, que conectar\u00eda San Rafael con la regi\u00f3n chilena de O\u2019Higgins.<\/p>\n<\/li>\n<li data-start=\"2807\" data-end=\"2907\">\n<p data-start=\"2809\" data-end=\"2907\">La <strong data-start=\"2812\" data-end=\"2854\">conformaci\u00f3n de la Comisi\u00f3n Binacional<\/strong> con Chile para avanzar en este proyecto estrat\u00e9gico.<\/p>\n<\/li>\n<li data-start=\"2908\" data-end=\"2983\">\n<p data-start=\"2910\" data-end=\"2983\">La necesidad de habilitar <strong data-start=\"2936\" data-end=\"2982\">el Paso Pehuenche para todo tipo de cargas<\/strong>.<\/p>\n<\/li>\n<li data-start=\"2984\" data-end=\"3145\">\n<p data-start=\"2986\" data-end=\"3145\">El impacto de los <strong data-start=\"3004\" data-end=\"3033\">aranceles estadounidenses<\/strong> sobre productos como las pulpas y ciruelas deshidratadas mendocinas, vigentes desde la gesti\u00f3n de Donald Trump.<\/p>\n<\/li>\n<\/ul>\n<p data-start=\"3147\" data-end=\"3188\"><strong data-start=\"3147\" data-end=\"3188\">Paso Pehuenche: decisiones pendientes<\/strong><\/p>\n<p data-start=\"3190\" data-end=\"3549\">Respecto al Paso Pehuenche agreg\u00f3: <em><strong>&#8216;sin caer en discursos grandilocuentes, lo que hace falta es decisi\u00f3n pol\u00edtica de ambos estados. Hay que hacer una ecuaci\u00f3n costo-beneficio real y fijar una fecha concreta para habilitarlo totalmente, ya sea en 2026, 2027 o 2030&#8217;<\/strong><\/em>.<\/p>\n<p data-start=\"3780\" data-end=\"3932\">\n","protected":false},"excerpt":{"rendered":"<p>El referente de Alvearences por el Futuro ser\u00e1 parte de una reuni\u00f3n clave en Buenos Aires para reactivar el proyecto binacional &#8230;<\/p>\n","protected":false},"author":7,"featured_media":120176,"comment_status":"open","ping_status":"open","sticky":false,"template":"","format":"standard","meta":{"footnotes":""},"categories":[1],"tags":[],"class_list":["post-151560","post","type-post","status-publish","format-standard","has-post-thumbnail","hentry","category-fmvinas"],"_links":{"self":[{"href":"https:\/\/vinasfm.com\/noticias\/wp-json\/wp\/v2\/posts\/151560","targetHints":{"allow":["GET"]}}],"collection":[{"href":"https:\/\/vinasfm.com\/noticias\/wp-json\/wp\/v2\/posts"}],"about":[{"href":"https:\/\/vinasfm.com\/noticias\/wp-json\/wp\/v2\/types\/post"}],"author":[{"embeddable":true,"href":"https:\/\/vinasfm.com\/noticias\/wp-json\/wp\/v2\/users\/7"}],"replies":[{"embeddable":true,"href":"https:\/\/vinasfm.com\/noticias\/wp-json\/wp\/v2\/comments?post=151560"}],"version-history":[{"count":2,"href":"https:\/\/vinasfm.com\/noticias\/wp-json\/wp\/v2\/posts\/151560\/revisions"}],"predecessor-version":[{"id":151563,"href":"https:\/\/vinasfm.com\/noticias\/wp-json\/wp\/v2\/posts\/151560\/revisions\/151563"}],"wp:featuredmedia":[{"embeddable":true,"href":"https:\/\/vinasfm.com\/noticias\/wp-json\/wp\/v2\/media\/120176"}],"wp:attachment":[{"href":"https:\/\/vinasfm.com\/noticias\/wp-json\/wp\/v2\/media?parent=151560"}],"wp:term":[{"taxonomy":"category","embeddable":true,"href":"https:\/\/vinasfm.com\/noticias\/wp-json\/wp\/v2\/categories?post=151560"},{"taxonomy":"post_tag","embeddable":true,"href":"https:\/\/vinasfm.com\/noticias\/wp-json\/wp\/v2\/tags?post=151560"}],"curies":[{"name":"wp","href":"https:\/\/api.w.org\/{rel}","templated":true}]}}