{"id":151551,"date":"2025-08-05T11:03:58","date_gmt":"2025-08-05T14:03:58","guid":{"rendered":"https:\/\/vinasfm.com\/noticias\/?p=151551"},"modified":"2025-08-06T08:42:35","modified_gmt":"2025-08-06T11:42:35","slug":"la-comunidad-catolica-celebra-con-devocion-la-novena-y-fiesta-patronal-de-san-cayetano","status":"publish","type":"post","link":"https:\/\/vinasfm.com\/noticias\/la-comunidad-catolica-celebra-con-devocion-la-novena-y-fiesta-patronal-de-san-cayetano\/","title":{"rendered":"LA COMUNIDAD CAT\u00d3LICA CELEBRA CON DEVOCI\u00d3N LA NOVENA Y FIESTA PATRONAL DE SAN CAYETANO"},"content":{"rendered":"<h4><span style=\"color: #003300;\"><strong>Desde el 29 de julio al 7 de agosto, cientos de fieles participan de las actividades organizadas por la Parroquia San Cayetano en Bowen. El jueves 7 ser\u00e1 la Solemne Fiesta Patronal, con procesi\u00f3n, misas y muestras de fe popular.<\/strong><\/span><\/h4>\n<p>En di\u00e1logo con <span style=\"color: #993366;\"><strong>FM VI\u00d1AS<\/strong><\/span>,\u00a0 el sacerdote<strong><span style=\"color: #003366;\"> Ismael Gotte<\/span><\/strong> expres\u00f3 la alegr\u00eda que se vive en la comunidad durante estos d\u00edas de intensa actividad religiosa: <em><strong>\u201cEstamos inmersos en la novena desde el 29 de julio, con misas diarias y adoraci\u00f3n eucar\u00edstica. Es un momento muy lindo porque la gente responde, busca reencontrarse con San Cayetano y con Dios\u201d.<\/strong><\/em><\/p>\n<p>Cada jornada, hasta el 6 de agosto, <strong>incluye Santa Misa a las 10:00, Misa de los Ni\u00f1os a las 18:00, Adoraci\u00f3n Eucar\u00edstica a las 19:00 y la Santa Misa Central a las 20:00, presidida por el padre Elio Rosales, predicador invitado, quien desarrolla el tema \u201cVicios o pecados capitales\u201d.<\/strong><\/p>\n<p>El jueves 7 se celebrar\u00e1 la <strong>Solemne Fiesta Patronal<\/strong>, con misas a las 8:00, 10:00, 12:00, 18:00 y 20:00. El momento central ser\u00e1 la <strong>procesi\u00f3n y Santa Misa Central a las 15:30<\/strong>, donde se espera una masiva participaci\u00f3n de fieles, muchos de ellos cumpliendo promesas, incluso peregrinando a pie o a caballo desde diferentes puntos del departamento.<\/p>\n<p>Gotte destac\u00f3 la dimensi\u00f3n espiritual y social de San Cayetano:<em><strong> \u201cEs un santo muy querido en nuestra patria por estar ligado a la necesidad de trabajo y dignidad. Muchos vienen a pedir, pero tambi\u00e9n a agradecer por el empleo conseguido\u201d.<\/strong><\/em><\/p>\n<p>La comunidad parroquial tambi\u00e9n se prepara para recibir a los peregrinos con gestos de hospitalidad: <em><strong>\u201cSe les ofrece caf\u00e9, t\u00e9, algo dulce, gracias a la colaboraci\u00f3n de los vecinos. Es un hermoso signo de caridad\u201d<\/strong><\/em>, se\u00f1al\u00f3 el sacerdote, quien aprovech\u00f3 para invitar a seguir colaborando con alimentos para compartir con los devotos.<\/p>\n<p>Por \u00faltimo, el padre Gotte resalt\u00f3 la relevancia de esta parroquia en la provincia: <em><strong>\u201cEs una de las pocas iglesias dedicadas a San Cayetano en Mendoza, y tiene un valor muy especial para toda la zona sur\u201d.<\/strong><\/em><\/p>\n","protected":false},"excerpt":{"rendered":"<p>Desde el 29 de julio al 7 de agosto, cientos de fieles participan de las actividades organizadas por la Parroquia San &#8230;<\/p>\n","protected":false},"author":7,"featured_media":151552,"comment_status":"open","ping_status":"open","sticky":false,"template":"","format":"standard","meta":{"footnotes":""},"categories":[63,11],"tags":[],"class_list":["post-151551","post","type-post","status-publish","format-standard","has-post-thumbnail","hentry","category-iglesia","category-sociales"],"_links":{"self":[{"href":"https:\/\/vinasfm.com\/noticias\/wp-json\/wp\/v2\/posts\/151551","targetHints":{"allow":["GET"]}}],"collection":[{"href":"https:\/\/vinasfm.com\/noticias\/wp-json\/wp\/v2\/posts"}],"about":[{"href":"https:\/\/vinasfm.com\/noticias\/wp-json\/wp\/v2\/types\/post"}],"author":[{"embeddable":true,"href":"https:\/\/vinasfm.com\/noticias\/wp-json\/wp\/v2\/users\/7"}],"replies":[{"embeddable":true,"href":"https:\/\/vinasfm.com\/noticias\/wp-json\/wp\/v2\/comments?post=151551"}],"version-history":[{"count":1,"href":"https:\/\/vinasfm.com\/noticias\/wp-json\/wp\/v2\/posts\/151551\/revisions"}],"predecessor-version":[{"id":151553,"href":"https:\/\/vinasfm.com\/noticias\/wp-json\/wp\/v2\/posts\/151551\/revisions\/151553"}],"wp:featuredmedia":[{"embeddable":true,"href":"https:\/\/vinasfm.com\/noticias\/wp-json\/wp\/v2\/media\/151552"}],"wp:attachment":[{"href":"https:\/\/vinasfm.com\/noticias\/wp-json\/wp\/v2\/media?parent=151551"}],"wp:term":[{"taxonomy":"category","embeddable":true,"href":"https:\/\/vinasfm.com\/noticias\/wp-json\/wp\/v2\/categories?post=151551"},{"taxonomy":"post_tag","embeddable":true,"href":"https:\/\/vinasfm.com\/noticias\/wp-json\/wp\/v2\/tags?post=151551"}],"curies":[{"name":"wp","href":"https:\/\/api.w.org\/{rel}","templated":true}]}}