{"id":151544,"date":"2025-08-05T10:52:05","date_gmt":"2025-08-05T13:52:05","guid":{"rendered":"https:\/\/vinasfm.com\/noticias\/?p=151544"},"modified":"2025-08-06T08:42:55","modified_gmt":"2025-08-06T11:42:55","slug":"ventanas-al-arte-una-muestra-que-celebra-la-creatividad-y-el-aprendizaje","status":"publish","type":"post","link":"https:\/\/vinasfm.com\/noticias\/ventanas-al-arte-una-muestra-que-celebra-la-creatividad-y-el-aprendizaje\/","title":{"rendered":"\u00abVENTANAS AL ARTE\u00bb: UNA MUESTRA QUE CELEBRA LA CREATIVIDAD Y EL APRENDIZAJE"},"content":{"rendered":"<h4><strong><span style=\"color: #003300;\">En la tarde del lunes 4 de agosto se inaugur\u00f3 en Casa Salonia la muestra \u00abVentanas al Arte\u00bb, una exposici\u00f3n organizada por el CCT 6-035 \u201cCarlos Obligado\u201d que re\u00fane los trabajos realizados por los alumnos del curso de Arte y Manualidades.<\/span><\/strong><\/h4>\n<p>La muestra, que estar\u00e1 abierta al p\u00fablico hasta el 15 de agosto, exhibe obras de 15 estudiantes cuyas edades van desde los 30 hasta los 79 a\u00f1os. <strong>Los trabajos forman parte de una primera etapa del curso de Artes Aplicadas, y reflejan tanto el compromiso como el crecimiento art\u00edstico de quienes participan en esta propuesta educativa.<\/strong><\/p>\n<p><span style=\"color: #003366;\"><strong>Mar\u00eda Luza Mart\u00ednez<\/strong><\/span>, conocida como \u00abLa Luchi\u00bb, es la profesora a cargo del taller y se mostr\u00f3 emocionada con los resultados: <em><strong>\u201cMuy feliz y satisfecha por todos los trabajos que han realizado los alumnos\u201d<\/strong><\/em>, expres\u00f3.<\/p>\n<p><span style=\"color: #003366;\"><strong>Ana Enrique<\/strong><\/span>, <em>directora de la instituci\u00f3n<\/em>, destac\u00f3 que actualmente cuentan con una matr\u00edcula de 150 estudiantes y que el centro ofrece tanto cursos de formaci\u00f3n profesional como de capacitaci\u00f3n laboral en \u00e1reas como gastronom\u00eda, textil, inform\u00e1tica, peluquer\u00eda y artes.<em><strong> \u201cEsta muestra refleja lo que venimos trabajando en cada una de las ramas, y ha sido un verdadero \u00e9xito en cuanto a convocatoria\u201d<\/strong><\/em>, se\u00f1al\u00f3.<\/p>\n<p><a href=\"https:\/\/vinasfm.com\/noticias\/wp-content\/uploads\/2025\/08\/IMG-20250805-WA0055.jpg\"><img loading=\"lazy\" decoding=\"async\" class=\"alignnone wp-image-151547\" src=\"https:\/\/vinasfm.com\/noticias\/wp-content\/uploads\/2025\/08\/IMG-20250805-WA0055-1024x575.jpg\" alt=\"\" width=\"350\" height=\"196\" srcset=\"https:\/\/vinasfm.com\/noticias\/wp-content\/uploads\/2025\/08\/IMG-20250805-WA0055-1024x575.jpg 1024w, https:\/\/vinasfm.com\/noticias\/wp-content\/uploads\/2025\/08\/IMG-20250805-WA0055-300x168.jpg 300w, https:\/\/vinasfm.com\/noticias\/wp-content\/uploads\/2025\/08\/IMG-20250805-WA0055-768x431.jpg 768w, https:\/\/vinasfm.com\/noticias\/wp-content\/uploads\/2025\/08\/IMG-20250805-WA0055-1536x862.jpg 1536w, https:\/\/vinasfm.com\/noticias\/wp-content\/uploads\/2025\/08\/IMG-20250805-WA0055-750x420.jpg 750w, https:\/\/vinasfm.com\/noticias\/wp-content\/uploads\/2025\/08\/IMG-20250805-WA0055-1140x641.jpg 1140w, https:\/\/vinasfm.com\/noticias\/wp-content\/uploads\/2025\/08\/IMG-20250805-WA0055.jpg 1600w\" sizes=\"auto, (max-width: 350px) 100vw, 350px\" \/><\/a> <a href=\"https:\/\/vinasfm.com\/noticias\/wp-content\/uploads\/2025\/08\/IMG-20250805-WA0048.jpg\"><img loading=\"lazy\" decoding=\"async\" class=\"alignnone wp-image-151543\" src=\"https:\/\/vinasfm.com\/noticias\/wp-content\/uploads\/2025\/08\/IMG-20250805-WA0048.jpg\" alt=\"\" width=\"350\" height=\"196\" srcset=\"https:\/\/vinasfm.com\/noticias\/wp-content\/uploads\/2025\/08\/IMG-20250805-WA0048.jpg 1600w, https:\/\/vinasfm.com\/noticias\/wp-content\/uploads\/2025\/08\/IMG-20250805-WA0048-300x168.jpg 300w, https:\/\/vinasfm.com\/noticias\/wp-content\/uploads\/2025\/08\/IMG-20250805-WA0048-1024x575.jpg 1024w, https:\/\/vinasfm.com\/noticias\/wp-content\/uploads\/2025\/08\/IMG-20250805-WA0048-768x431.jpg 768w, https:\/\/vinasfm.com\/noticias\/wp-content\/uploads\/2025\/08\/IMG-20250805-WA0048-1536x862.jpg 1536w, https:\/\/vinasfm.com\/noticias\/wp-content\/uploads\/2025\/08\/IMG-20250805-WA0048-750x420.jpg 750w, https:\/\/vinasfm.com\/noticias\/wp-content\/uploads\/2025\/08\/IMG-20250805-WA0048-1140x641.jpg 1140w\" sizes=\"auto, (max-width: 350px) 100vw, 350px\" \/><\/a> <a href=\"https:\/\/vinasfm.com\/noticias\/wp-content\/uploads\/2025\/08\/IMG-20250805-WA0047.jpg\"><img loading=\"lazy\" decoding=\"async\" class=\"alignnone wp-image-151548\" src=\"https:\/\/vinasfm.com\/noticias\/wp-content\/uploads\/2025\/08\/IMG-20250805-WA0047-1024x575.jpg\" alt=\"\" width=\"350\" height=\"196\" srcset=\"https:\/\/vinasfm.com\/noticias\/wp-content\/uploads\/2025\/08\/IMG-20250805-WA0047-1024x575.jpg 1024w, https:\/\/vinasfm.com\/noticias\/wp-content\/uploads\/2025\/08\/IMG-20250805-WA0047-300x168.jpg 300w, https:\/\/vinasfm.com\/noticias\/wp-content\/uploads\/2025\/08\/IMG-20250805-WA0047-768x431.jpg 768w, https:\/\/vinasfm.com\/noticias\/wp-content\/uploads\/2025\/08\/IMG-20250805-WA0047-1536x862.jpg 1536w, https:\/\/vinasfm.com\/noticias\/wp-content\/uploads\/2025\/08\/IMG-20250805-WA0047-750x420.jpg 750w, https:\/\/vinasfm.com\/noticias\/wp-content\/uploads\/2025\/08\/IMG-20250805-WA0047-1140x641.jpg 1140w, https:\/\/vinasfm.com\/noticias\/wp-content\/uploads\/2025\/08\/IMG-20250805-WA0047.jpg 1600w\" sizes=\"auto, (max-width: 350px) 100vw, 350px\" \/><\/a> <a href=\"https:\/\/vinasfm.com\/noticias\/wp-content\/uploads\/2025\/08\/IMG-20250805-WA0043.jpg\"><img loading=\"lazy\" decoding=\"async\" class=\"alignnone wp-image-151549\" src=\"https:\/\/vinasfm.com\/noticias\/wp-content\/uploads\/2025\/08\/IMG-20250805-WA0043-1024x575.jpg\" alt=\"\" width=\"350\" height=\"196\" srcset=\"https:\/\/vinasfm.com\/noticias\/wp-content\/uploads\/2025\/08\/IMG-20250805-WA0043-1024x575.jpg 1024w, https:\/\/vinasfm.com\/noticias\/wp-content\/uploads\/2025\/08\/IMG-20250805-WA0043-300x168.jpg 300w, https:\/\/vinasfm.com\/noticias\/wp-content\/uploads\/2025\/08\/IMG-20250805-WA0043-768x431.jpg 768w, https:\/\/vinasfm.com\/noticias\/wp-content\/uploads\/2025\/08\/IMG-20250805-WA0043-1536x862.jpg 1536w, https:\/\/vinasfm.com\/noticias\/wp-content\/uploads\/2025\/08\/IMG-20250805-WA0043-750x420.jpg 750w, https:\/\/vinasfm.com\/noticias\/wp-content\/uploads\/2025\/08\/IMG-20250805-WA0043-1140x641.jpg 1140w, https:\/\/vinasfm.com\/noticias\/wp-content\/uploads\/2025\/08\/IMG-20250805-WA0043.jpg 1600w\" sizes=\"auto, (max-width: 350px) 100vw, 350px\" \/><\/a><\/p>\n<p>Desde el CCT agradecieron el acompa\u00f1amiento del Municipio de General Alvear y de la Direcci\u00f3n de Cultura, que colaboraron con el espacio y el apoyo necesario para llevar adelante esta propuesta.<\/p>\n<p>La exposici\u00f3n puede visitarse en Casa Salonia, Diagonal Pellegrini 314, hasta el jueves 15 de agosto.<\/p>\n","protected":false},"excerpt":{"rendered":"<p>En la tarde del lunes 4 de agosto se inaugur\u00f3 en Casa Salonia la muestra \u00abVentanas al Arte\u00bb, una exposici\u00f3n organizada &#8230;<\/p>\n","protected":false},"author":7,"featured_media":151542,"comment_status":"open","ping_status":"open","sticky":false,"template":"","format":"standard","meta":{"footnotes":""},"categories":[19,11],"tags":[],"class_list":["post-151544","post","type-post","status-publish","format-standard","has-post-thumbnail","hentry","category-cultura","category-sociales"],"_links":{"self":[{"href":"https:\/\/vinasfm.com\/noticias\/wp-json\/wp\/v2\/posts\/151544","targetHints":{"allow":["GET"]}}],"collection":[{"href":"https:\/\/vinasfm.com\/noticias\/wp-json\/wp\/v2\/posts"}],"about":[{"href":"https:\/\/vinasfm.com\/noticias\/wp-json\/wp\/v2\/types\/post"}],"author":[{"embeddable":true,"href":"https:\/\/vinasfm.com\/noticias\/wp-json\/wp\/v2\/users\/7"}],"replies":[{"embeddable":true,"href":"https:\/\/vinasfm.com\/noticias\/wp-json\/wp\/v2\/comments?post=151544"}],"version-history":[{"count":2,"href":"https:\/\/vinasfm.com\/noticias\/wp-json\/wp\/v2\/posts\/151544\/revisions"}],"predecessor-version":[{"id":151550,"href":"https:\/\/vinasfm.com\/noticias\/wp-json\/wp\/v2\/posts\/151544\/revisions\/151550"}],"wp:featuredmedia":[{"embeddable":true,"href":"https:\/\/vinasfm.com\/noticias\/wp-json\/wp\/v2\/media\/151542"}],"wp:attachment":[{"href":"https:\/\/vinasfm.com\/noticias\/wp-json\/wp\/v2\/media?parent=151544"}],"wp:term":[{"taxonomy":"category","embeddable":true,"href":"https:\/\/vinasfm.com\/noticias\/wp-json\/wp\/v2\/categories?post=151544"},{"taxonomy":"post_tag","embeddable":true,"href":"https:\/\/vinasfm.com\/noticias\/wp-json\/wp\/v2\/tags?post=151544"}],"curies":[{"name":"wp","href":"https:\/\/api.w.org\/{rel}","templated":true}]}}