{"id":151504,"date":"2025-08-04T11:57:51","date_gmt":"2025-08-04T14:57:51","guid":{"rendered":"https:\/\/vinasfm.com\/noticias\/?p=151504"},"modified":"2025-08-05T09:55:27","modified_gmt":"2025-08-05T12:55:27","slug":"javier-lopez-tengo-ganas-de-estar-en-la-legislatura-y-aportar-proyectos-que-transformen-a-general-alvear-y-mendoza","status":"publish","type":"post","link":"https:\/\/vinasfm.com\/noticias\/javier-lopez-tengo-ganas-de-estar-en-la-legislatura-y-aportar-proyectos-que-transformen-a-general-alvear-y-mendoza\/","title":{"rendered":"JAVIER L\u00d3PEZ: \u201cTENGO GANAS DE ESTAR EN LA LEGISLATURA Y APORTAR PROYECTOS QUE TRANSFORMEN A GENERAL ALVEAR Y MENDOZA\u201d"},"content":{"rendered":"<h4><strong><span style=\"color: #003300;\">El referente pol\u00edtico alvearense dialog\u00f3 con FM VI\u00d1AS y confirm\u00f3 sus intenciones de postularse como legislador provincial. Afirm\u00f3 que trabaja para integrar un frente amplio con miras al 2027 y defendi\u00f3 su posici\u00f3n respecto al desarrollo minero en la provincia.<\/span><\/strong><\/h4>\n<p>El dirigente alvearense <span style=\"color: #003366;\"><strong>Javier L\u00f3pez<\/strong><\/span> confirm\u00f3 que se encuentra en negociaciones de cara a una eventual candidatura legislativa y asegur\u00f3 que su objetivo es <em><strong>\u00absentarse en la mesa donde se toman las decisiones\u00bb<\/strong><\/em> para transformar real y estructuralmente a Mendoza y al departamento de General Alvear.<\/p>\n<p>L\u00f3pez explic\u00f3 que actualmente se est\u00e1n <strong>ultimando definiciones a nivel provincial<\/strong> en el marco de las negociaciones para conformar un frente amplio que integre distintos sectores pol\u00edticos. <strong><em>\u00abSabemos que los tiempos son cortos. Hay conversaciones con sectores del peronismo, partidos de jubilados y otros espacios. A nivel local tambi\u00e9n hay di\u00e1logo, pero a\u00fan no est\u00e1 cerrado nada. Lo importante es que se trata de un frente genuino y abierto, con una visi\u00f3n com\u00fan hacia el 2027\u00bb<\/em><\/strong>, expres\u00f3.<\/p>\n<p>Respecto a una posible postulaci\u00f3n, fue claro: <strong><em>\u00abS\u00ed, tengo ganas de estar en la Legislatura. Creo que puedo aportar mucho desde el punto de vista ambiental, productivo y en defensa de los intereses del departamento. Tengo proyectos desde hace a\u00f1os, como la creaci\u00f3n de un fondo antic\u00edclico que permita proteger al productor mendocino frente a emergencias, destinando el 1% del presupuesto provincial a ese fin\u00bb.<\/em><\/strong><\/p>\n<div id=\"attachment_151505\" style=\"width: 500px\" class=\"wp-caption aligncenter\"><a href=\"https:\/\/vinasfm.com\/noticias\/wp-content\/uploads\/2025\/08\/FB_IMG_1754319086206.jpg\"><img loading=\"lazy\" decoding=\"async\" aria-describedby=\"caption-attachment-151505\" class=\"wp-image-151505\" src=\"https:\/\/vinasfm.com\/noticias\/wp-content\/uploads\/2025\/08\/FB_IMG_1754319086206-819x1024.jpg\" alt=\"\" width=\"500\" height=\"625\" srcset=\"https:\/\/vinasfm.com\/noticias\/wp-content\/uploads\/2025\/08\/FB_IMG_1754319086206-819x1024.jpg 819w, https:\/\/vinasfm.com\/noticias\/wp-content\/uploads\/2025\/08\/FB_IMG_1754319086206-240x300.jpg 240w, https:\/\/vinasfm.com\/noticias\/wp-content\/uploads\/2025\/08\/FB_IMG_1754319086206-768x960.jpg 768w, https:\/\/vinasfm.com\/noticias\/wp-content\/uploads\/2025\/08\/FB_IMG_1754319086206-1228x1536.jpg 1228w, https:\/\/vinasfm.com\/noticias\/wp-content\/uploads\/2025\/08\/FB_IMG_1754319086206.jpg 1350w\" sizes=\"auto, (max-width: 500px) 100vw, 500px\" \/><\/a><p id=\"caption-attachment-151505\" class=\"wp-caption-text\">Multisectoria de General Alvear v\u00eda Facebook<\/p><\/div>\n<h3><strong>Presencia en Uspallata: defensa del agua y rechazo al avance del proyecto San Jorge<\/strong><\/h3>\n<p>En di\u00e1logo con <span style=\"color: #800080;\">FM VI\u00d1AS<\/span>, Javier L\u00f3pez tambi\u00e9n se refiri\u00f3 a su reciente participaci\u00f3n en la audiencia p\u00fablica realizada en <strong>Uspallata<\/strong> por el controvertido <strong>proyecto minero San Jorge<\/strong>, iniciativa que vuelve a tomar fuerza tras a\u00f1os de resistencia social.<\/p>\n<p><strong><em>\u00abUna vez m\u00e1s estuvimos en Uspallata, como tantas otras veces. No es la primera vez que vamos; siempre que se trata de defender el agua, ah\u00ed estamos. Este proyecto arranc\u00f3 mal desde el principio, con serias irregularidades en el estudio de impacto ambiental. Quer\u00edan declarar la zona como cuenca cerrada, cuando finalmente se demostr\u00f3 que es una cuenca abierta, y eso fue confirmado por Irrigaci\u00f3n\u00bb<\/em>,<\/strong> explic\u00f3 L\u00f3pez.<\/p>\n<p>El referente alvearense record\u00f3 que el conflicto en torno a San Jorge lleva al menos <strong>14 a\u00f1os<\/strong>, y que en su momento la empresa parec\u00eda abandonar el pa\u00eds ante la imposibilidad de explotar oro, cobre y plata bajo el marco legal de la Ley 7722. Sin embargo, L\u00f3pez advirti\u00f3 que <strong>un fallo de la Corte Suprema de la Naci\u00f3n<\/strong> modific\u00f3 parte del articulado, habilitando ahora m\u00e9todos como la flotaci\u00f3n con sustrato de sodio, lo que vuelve a abrir la puerta a su explotaci\u00f3n.<\/p>\n<p><strong><em>\u00abLo grave es que todo este proceso se est\u00e1 haciendo de forma muy poco transparente. Esta audiencia supuestamente p\u00fablica fue pr\u00e1cticamente privada. Si no estabas acreditado o no contabas con los medios adecuados, no pod\u00edas escuchar ni participar como corresponde. Todo manejado, cruzado, con vicios procedimentales. Por eso fuimos a acompa\u00f1ar el reclamo genuino del pueblo de Uspallata, que una vez m\u00e1s sali\u00f3 a defender su territorio\u00bb<\/em><\/strong>, apunt\u00f3.<\/p>\n<p>Seg\u00fan L\u00f3pez, <strong>m\u00e1s de 2.500 personas<\/strong> se manifestaron pac\u00edficamente durante la jornada, reclamando respeto por el medio ambiente y por el derecho a decidir sobre los recursos naturales.<br \/>\n<strong><em>\u00abAh\u00ed est\u00e1 el verdadero pueblo, no en las oficinas ni detr\u00e1s de las negociaciones que buscan habilitar lo que ya fue rechazado tantas veces. Esto no es desarrollo: esto es un retroceso\u00bb<\/em>,<\/strong> concluy\u00f3.<\/p>\n<p>El dirigente reiter\u00f3 su compromiso con la <strong>defensa de la Ley 7722<\/strong> y con una visi\u00f3n del desarrollo econ\u00f3mico que respete los recursos naturales y la voluntad social.<\/p>\n","protected":false},"excerpt":{"rendered":"<p>El referente pol\u00edtico alvearense dialog\u00f3 con FM VI\u00d1AS y confirm\u00f3 sus intenciones de postularse como legislador provincial. Afirm\u00f3 que trabaja para &#8230;<\/p>\n","protected":false},"author":7,"featured_media":151506,"comment_status":"open","ping_status":"open","sticky":false,"template":"","format":"standard","meta":{"footnotes":""},"categories":[23,7],"tags":[],"class_list":["post-151504","post","type-post","status-publish","format-standard","has-post-thumbnail","hentry","category-elecciones","category-politica"],"_links":{"self":[{"href":"https:\/\/vinasfm.com\/noticias\/wp-json\/wp\/v2\/posts\/151504","targetHints":{"allow":["GET"]}}],"collection":[{"href":"https:\/\/vinasfm.com\/noticias\/wp-json\/wp\/v2\/posts"}],"about":[{"href":"https:\/\/vinasfm.com\/noticias\/wp-json\/wp\/v2\/types\/post"}],"author":[{"embeddable":true,"href":"https:\/\/vinasfm.com\/noticias\/wp-json\/wp\/v2\/users\/7"}],"replies":[{"embeddable":true,"href":"https:\/\/vinasfm.com\/noticias\/wp-json\/wp\/v2\/comments?post=151504"}],"version-history":[{"count":1,"href":"https:\/\/vinasfm.com\/noticias\/wp-json\/wp\/v2\/posts\/151504\/revisions"}],"predecessor-version":[{"id":151507,"href":"https:\/\/vinasfm.com\/noticias\/wp-json\/wp\/v2\/posts\/151504\/revisions\/151507"}],"wp:featuredmedia":[{"embeddable":true,"href":"https:\/\/vinasfm.com\/noticias\/wp-json\/wp\/v2\/media\/151506"}],"wp:attachment":[{"href":"https:\/\/vinasfm.com\/noticias\/wp-json\/wp\/v2\/media?parent=151504"}],"wp:term":[{"taxonomy":"category","embeddable":true,"href":"https:\/\/vinasfm.com\/noticias\/wp-json\/wp\/v2\/categories?post=151504"},{"taxonomy":"post_tag","embeddable":true,"href":"https:\/\/vinasfm.com\/noticias\/wp-json\/wp\/v2\/tags?post=151504"}],"curies":[{"name":"wp","href":"https:\/\/api.w.org\/{rel}","templated":true}]}}