{"id":151399,"date":"2025-08-01T08:50:30","date_gmt":"2025-08-01T11:50:30","guid":{"rendered":"https:\/\/vinasfm.com\/noticias\/?p=151399"},"modified":"2025-08-01T08:50:30","modified_gmt":"2025-08-01T11:50:30","slug":"dolor-en-general-alvear-por-la-muerte-de-un-bebe-tras-un-accidente-en-san-luis","status":"publish","type":"post","link":"https:\/\/vinasfm.com\/noticias\/dolor-en-general-alvear-por-la-muerte-de-un-bebe-tras-un-accidente-en-san-luis\/","title":{"rendered":"DOLOR EN GENERAL ALVEAR POR LA MUERTE DE UN BEB\u00c9 TRAS UN ACCIDENTE EN SAN LUIS"},"content":{"rendered":"<h4>Un beb\u00e9, hijo de una mujer domiciliada en Bowen, General Alvear, falleci\u00f3 tras un tr\u00e1gico accidente en Villa Mercedes, San Luis.<\/h4>\n<article class=\"article-body article-body--first-paragraph\">\n<p data-start=\"113\" data-end=\"516\">Una familia de\u00a0<a href=\"https:\/\/www.sitioandino.com.ar\/general-alvear-a6193\" target=\"_blank\" rel=\"follow noopener\"><strong>General Alvear\u00a0<\/strong><\/a>atraviesa un profundo dolor tras la tr\u00e1gica muerte de un beb\u00e9 de un a\u00f1o, ocurrida este martes en la provincia de\u00a0<strong data-start=\"260\" data-end=\"272\">San Luis<\/strong>. El peque\u00f1o perdi\u00f3 la vida luego de caer de una camioneta en movimiento en la ciudad de Villa Mercedes.<\/p>\n<\/article>\n<article class=\"article-body article-body--second-paragraph\">\n<p data-start=\"113\" data-end=\"516\">Tras el impacto,<strong>\u00a0fue trasladado de urgencia al Hospital Juan Domingo Per\u00f3n, donde lamentablemente falleci\u00f3\u00a0<\/strong>a causa de las heridas sufridas.<\/p>\n<article class=\"article-body article-body--second-paragraph\">\n<h2 data-start=\"113\" data-end=\"516\">Tragedia en San Luis: piden ayuda para una familia de General Alvear<\/h2>\n<p data-start=\"518\" data-end=\"840\">El\u00a0<strong data-start=\"521\" data-end=\"534\">accidente<\/strong>\u00a0ocurri\u00f3 cuando el veh\u00edculo en el que viajaban \u2014una Ford Ranger\u2014 realiz\u00f3 una maniobra, y el ni\u00f1o, que se encontraba en la parte trasera, cay\u00f3 al asfalto.<\/p>\n<\/article>\n<article class=\"article-body article-body--second-paragraph\">\n<p data-start=\"518\" data-end=\"840\">Seg\u00fan confirmaron fuentes policiales,<strong>\u00a0el menor no estaba sujeto por ning\u00fan sistema de retenci\u00f3n infantil,\u00a0<\/strong>lo que agrav\u00f3 las consecuencias del siniestro.<\/p>\n<\/article>\n<div class=\"banner banner--align-center banner--no-background\">\n<div class=\"banner__content-wrapper\">\n<div id=\"div-nota_inread1\" data-google-query-id=\"CLO-lYnF6Y4DFSO8lQIdSJYrgw\">\n<p data-start=\"842\" data-end=\"1120\">La familia, oriunda del departamento mendocino de\u00a0<strong data-start=\"892\" data-end=\"910\">General Alvear<\/strong>, se encontraba en tr\u00e1nsito por la provincia puntana cuando ocurri\u00f3 la tragedia. La madre del beb\u00e9, de 27 a\u00f1os y oriunda de Bowen, tambi\u00e9n fue trasladada al hospital con una crisis de nervios tras presenciar el dram\u00e1tico momento.<\/p>\n<p data-start=\"1185\" data-end=\"1522\">Amigos y allegados de la familia alvearense\u00a0<strong>comenzaron a difundir en redes sociales cadenas de oraci\u00f3n y pedidos de colaboraci\u00f3n econ\u00f3mica<\/strong>\u00a0para afrontar los gastos del traslado y los tr\u00e1mites en San Luis. El desgarrador episodio conmocion\u00f3 a la comunidad, que ya comenz\u00f3 a movilizarse para acompa\u00f1ar a los padres en este dif\u00edcil momento.<\/p>\n<p data-start=\"1185\" data-end=\"1522\">Trascendi\u00f3 que\u00a0<strong>funcionarios de la vecina provincia colaboraron con la familia para que pudiera realizar el sepelio<\/strong>\u00a0y tr\u00e1mites correspondientes.<\/p>\n<h6 data-start=\"1185\" data-end=\"1522\"><span style=\"color: #0000ff;\">Fuente: Sitio Andino<\/span><\/h6>\n<\/div>\n<\/div>\n<\/div>\n<\/article>\n","protected":false},"excerpt":{"rendered":"<p>Un beb\u00e9, hijo de una mujer domiciliada en Bowen, General Alvear, falleci\u00f3 tras un tr\u00e1gico accidente en Villa Mercedes, San Luis. &#8230;<\/p>\n","protected":false},"author":7,"featured_media":151400,"comment_status":"open","ping_status":"open","sticky":false,"template":"","format":"standard","meta":{"footnotes":""},"categories":[1],"tags":[],"class_list":["post-151399","post","type-post","status-publish","format-standard","has-post-thumbnail","hentry","category-fmvinas"],"_links":{"self":[{"href":"https:\/\/vinasfm.com\/noticias\/wp-json\/wp\/v2\/posts\/151399","targetHints":{"allow":["GET"]}}],"collection":[{"href":"https:\/\/vinasfm.com\/noticias\/wp-json\/wp\/v2\/posts"}],"about":[{"href":"https:\/\/vinasfm.com\/noticias\/wp-json\/wp\/v2\/types\/post"}],"author":[{"embeddable":true,"href":"https:\/\/vinasfm.com\/noticias\/wp-json\/wp\/v2\/users\/7"}],"replies":[{"embeddable":true,"href":"https:\/\/vinasfm.com\/noticias\/wp-json\/wp\/v2\/comments?post=151399"}],"version-history":[{"count":1,"href":"https:\/\/vinasfm.com\/noticias\/wp-json\/wp\/v2\/posts\/151399\/revisions"}],"predecessor-version":[{"id":151401,"href":"https:\/\/vinasfm.com\/noticias\/wp-json\/wp\/v2\/posts\/151399\/revisions\/151401"}],"wp:featuredmedia":[{"embeddable":true,"href":"https:\/\/vinasfm.com\/noticias\/wp-json\/wp\/v2\/media\/151400"}],"wp:attachment":[{"href":"https:\/\/vinasfm.com\/noticias\/wp-json\/wp\/v2\/media?parent=151399"}],"wp:term":[{"taxonomy":"category","embeddable":true,"href":"https:\/\/vinasfm.com\/noticias\/wp-json\/wp\/v2\/categories?post=151399"},{"taxonomy":"post_tag","embeddable":true,"href":"https:\/\/vinasfm.com\/noticias\/wp-json\/wp\/v2\/tags?post=151399"}],"curies":[{"name":"wp","href":"https:\/\/api.w.org\/{rel}","templated":true}]}}