{"id":151394,"date":"2025-08-01T08:27:20","date_gmt":"2025-08-01T11:27:20","guid":{"rendered":"https:\/\/vinasfm.com\/noticias\/?p=151394"},"modified":"2025-08-01T10:00:01","modified_gmt":"2025-08-01T13:00:01","slug":"mendoza-adhiere-a-la-semana-mundial-de-la-lactancia","status":"publish","type":"post","link":"https:\/\/vinasfm.com\/noticias\/mendoza-adhiere-a-la-semana-mundial-de-la-lactancia\/","title":{"rendered":"MENDOZA ADHIERE A LA SEMANA MUNDIAL DE LA LACTANCIA"},"content":{"rendered":"<h4><span style=\"color: #003300;\">Se celebra del 1 al 7 de agosto, este a\u00f1o bajo el lema\u00a0<em>Elijamos la leche materna y el acompa\u00f1amiento.<\/em><\/span><\/h4>\n<p>La lactancia materna ofrece un futuro esperanzador no solo para los ni\u00f1os sino tambi\u00e9n para las sociedades. Reduce los costos de atenci\u00f3n en salud, incrementa el desarrollo cognitivo, fortalece las econom\u00edas y establece comienzos saludables para los m\u00e1s peque\u00f1os.<\/p>\n<p>El <strong>Ministerio de Salud y Deportes<\/strong> adhiere a la<strong> Semana Mundial de la Lactancia<\/strong>, que se celebra del 1 al 7 de agosto en m\u00e1s de 170 pa\u00edses.<strong> Esta iniciativa est\u00e1 destinada a fomentar el amamantamiento y a mejorar la salud de beb\u00e9s y mujeres en todo el mundo.<\/strong> En este marco, en los hospitales y centros de salud de la provincia se realizar\u00e1n diversas actividades durante la semana.<\/p>\n<p>Esta fecha invita a reconocer la lactancia como una base s\u00f3lida para la salud, el desarrollo y la equidad a lo largo de la vida. En esta edici\u00f3n, <strong>se destacar\u00e1 especialmente la importancia del apoyo constante que madres y beb\u00e9s necesitan por parte del sistema de salud durante todo el proceso de amamantamiento.<\/strong><\/p>\n<p>Esto implica garantizar que cada mujer acceda a la informaci\u00f3n y el acompa\u00f1amiento necesarios para amamantar durante todo el tiempo que as\u00ed lo desee.<\/p>\n<p><strong>Las primeras horas y los primeros d\u00edas de vida de un reci\u00e9n nacido son fundamentales para establecer un v\u00ednculo de apego y una lactancia exitosa.<\/strong> En ese per\u00edodo es esencial brindar a las madres el apoyo adecuado para que puedan alimentar a sus hijos de manera segura, c\u00f3moda y sostenida.<\/p>\n<p>La lactancia contribuye a prevenir el sobrepeso y la diabetes tipo 2 en la infancia, protege contra el s\u00edndrome de muerte s\u00fabita del lactante, promueve el v\u00ednculo afectivo y refuerza el sistema inmunol\u00f3gico de los beb\u00e9s.<\/p>\n<p>Todos podemos contribuir a que las mujeres se sientan libres y capaces de amamantar en cualquier momento y lugar, y trabajar para mejorar su situaci\u00f3n tanto en el hogar como en el \u00e1mbito laboral y en la vida p\u00fablica.<\/p>\n<p>Una nutrici\u00f3n inadecuada en las primeras etapas de la vida puede provocar da\u00f1os irreversibles en el crecimiento f\u00edsico y el desarrollo cerebral. En cambio, una alimentaci\u00f3n adecuada tiene efectos positivos a corto y largo plazo.<strong> La leche materna es el alimento \u00f3ptimo para los beb\u00e9s, ya que les proporciona los nutrientes necesarios en el equilibrio justo, adem\u00e1s de ofrecer protecci\u00f3n frente a m\u00faltiples enfermedades.<\/strong><\/p>\n<p>La Organizaci\u00f3n Mundial de la Salud recomienda la lactancia exclusiva durante los primeros seis meses de vida. A partir de entonces, sugiere incorporar alimentos complementarios que sean adecuados desde el punto de vista nutricional y seguros, manteniendo la lactancia hasta los dos a\u00f1os o m\u00e1s.<\/p>\n<p>La leche materna y el acto de amamantar son pilares fundamentales para la supervivencia infantil, la nutrici\u00f3n y la salud materna.<\/p>\n<p><img loading=\"lazy\" decoding=\"async\" class=\"aligncenter\" src=\"https:\/\/www.mendoza.gov.ar\/wp-content\/uploads\/sites\/5\/2025\/07\/Imagen-de-WhatsApp-2025-07-31-a-las-16.39.56_21405397.jpg\" width=\"630\" height=\"473\" \/><\/p>\n<h2>Beneficios de la lactancia materna<\/h2>\n<p>La leche materna es el alimento m\u00e1s completo que puede recibir un reci\u00e9n nacido. Contiene todos los nutrientes que necesita para un crecimiento y desarrollo saludables.<\/p>\n<p><strong>Durante los primeros seis meses, se recomienda ofrecer solo leche materna, sin incorporar ning\u00fan otro alimento o l\u00edquido (ni agua, t\u00e9 o jugos).<\/strong> Es aconsejable continuar con la lactancia hasta los dos a\u00f1os o m\u00e1s.<\/p>\n<p>Adem\u00e1s de ser segura e higi\u00e9nica,<strong> la leche materna est\u00e1 siempre disponible, en la temperatura adecuada y con la calidad \u00f3ptima.<\/strong><\/p>\n<p>A trav\u00e9s de ella, <strong>el beb\u00e9 recibe anticuerpos y factores de protecci\u00f3n que lo resguardan frente a enfermedades comunes, hasta que pueda desarrollar sus propias defensas.<\/strong> Los beb\u00e9s amamantados padecen menos infecciones respiratorias y gastrointestinales, y tienen menor riesgo de desarrollar enfermedades cr\u00f3nicas como obesidad, diabetes y ciertos tipos de c\u00e1ncer.<\/p>\n<h3>Ayuda a prevenir el sobrepeso y la diabetes tipo 2 en la infancia<\/h3>\n<p>La lactancia prolongada reduce 13 % el riesgo de sobrepeso y obesidad, y disminuye 35 % la probabilidad de desarrollar diabetes tipo 2 en la ni\u00f1ez.<\/p>\n<h3>Disminuye el riesgo de leucemia infantil<\/h3>\n<p>Amamantar durante seis meses o m\u00e1s se asocia con una reducci\u00f3n de 19 % en el riesgo de leucemia en la infancia, en comparaci\u00f3n con per\u00edodos m\u00e1s cortos o con la ausencia de lactancia.<\/p>\n<h3>Protege contra el s\u00edndrome de muerte s\u00fabita del lactante<\/h3>\n<p>Los beb\u00e9s amamantados tienen 60 % menos de riesgo de morir por s\u00edndrome de muerte s\u00fabita del lactante. El efecto protector es a\u00fan mayor cuando se trata de lactancia exclusiva.<\/p>\n<h3>Promueve el apego y el v\u00ednculo afectivo<\/h3>\n<p>Durante la lactancia, el contacto frecuente y la interacci\u00f3n entre madre e hijo fortalecen el v\u00ednculo emocional. Los per\u00edodos m\u00e1s prolongados de amamantamiento se asocian con mayor sensibilidad materna y con v\u00ednculos m\u00e1s seguros.<\/p>\n<h3>Mejora el desarrollo cognitivo<\/h3>\n<p>Las personas adultas que fueron amamantadas durante la infancia tienen, en promedio, 3,4 puntos m\u00e1s en indicadores de desarrollo cognitivo. Este aumento se traduce en mayor rendimiento escolar y a\u00f1os de escolaridad.<\/p>\n<h3>Tambi\u00e9n protege la salud de las madres<\/h3>\n<p>Las mujeres que amamantan tienen 32 % menos de riesgo de desarrollar diabetes tipo 2, as\u00ed como 26 % menos de riesgo de c\u00e1ncer de mama y 37 % menos de riesgo de c\u00e1ncer de ovarios, en comparaci\u00f3n con quienes no lo hacen o lo hacen por menos tiempo. Adem\u00e1s, la lactancia ayuda a prevenir la depresi\u00f3n posparto, la anemia, la hipertensi\u00f3n, la osteoporosis y la artritis reumatoidea.<\/p>\n","protected":false},"excerpt":{"rendered":"<p>Se celebra del 1 al 7 de agosto, este a\u00f1o bajo el lema\u00a0Elijamos la leche materna y el acompa\u00f1amiento. La lactancia &#8230;<\/p>\n","protected":false},"author":7,"featured_media":151396,"comment_status":"open","ping_status":"open","sticky":false,"template":"","format":"standard","meta":{"footnotes":""},"categories":[10,15],"tags":[],"class_list":["post-151394","post","type-post","status-publish","format-standard","has-post-thumbnail","hentry","category-destacadas","category-salud"],"_links":{"self":[{"href":"https:\/\/vinasfm.com\/noticias\/wp-json\/wp\/v2\/posts\/151394","targetHints":{"allow":["GET"]}}],"collection":[{"href":"https:\/\/vinasfm.com\/noticias\/wp-json\/wp\/v2\/posts"}],"about":[{"href":"https:\/\/vinasfm.com\/noticias\/wp-json\/wp\/v2\/types\/post"}],"author":[{"embeddable":true,"href":"https:\/\/vinasfm.com\/noticias\/wp-json\/wp\/v2\/users\/7"}],"replies":[{"embeddable":true,"href":"https:\/\/vinasfm.com\/noticias\/wp-json\/wp\/v2\/comments?post=151394"}],"version-history":[{"count":1,"href":"https:\/\/vinasfm.com\/noticias\/wp-json\/wp\/v2\/posts\/151394\/revisions"}],"predecessor-version":[{"id":151397,"href":"https:\/\/vinasfm.com\/noticias\/wp-json\/wp\/v2\/posts\/151394\/revisions\/151397"}],"wp:featuredmedia":[{"embeddable":true,"href":"https:\/\/vinasfm.com\/noticias\/wp-json\/wp\/v2\/media\/151396"}],"wp:attachment":[{"href":"https:\/\/vinasfm.com\/noticias\/wp-json\/wp\/v2\/media?parent=151394"}],"wp:term":[{"taxonomy":"category","embeddable":true,"href":"https:\/\/vinasfm.com\/noticias\/wp-json\/wp\/v2\/categories?post=151394"},{"taxonomy":"post_tag","embeddable":true,"href":"https:\/\/vinasfm.com\/noticias\/wp-json\/wp\/v2\/tags?post=151394"}],"curies":[{"name":"wp","href":"https:\/\/api.w.org\/{rel}","templated":true}]}}