{"id":151377,"date":"2025-07-31T11:03:50","date_gmt":"2025-07-31T14:03:50","guid":{"rendered":"https:\/\/vinasfm.com\/noticias\/?p=151377"},"modified":"2025-08-01T10:00:28","modified_gmt":"2025-08-01T13:00:28","slug":"alvear-historias-que-laten-se-presenta-la-primera-miniserie-animada-sobre-la-historia-de-general-alvear","status":"publish","type":"post","link":"https:\/\/vinasfm.com\/noticias\/alvear-historias-que-laten-se-presenta-la-primera-miniserie-animada-sobre-la-historia-de-general-alvear\/","title":{"rendered":"\u201cALVEAR&#8230; HISTORIAS QUE LATEN\u201d: SE PRESENTA LA PRIMERA MINISERIE ANIMADA SOBRE LA HISTORIA DE GENERAL ALVEAR"},"content":{"rendered":"<h4><strong><span style=\"color: #003300;\">La Direcci\u00f3n de Cultura de General Alvear dio a conocer un proyecto pionero en la regi\u00f3n: una miniserie animada titulada \u201cAlvear&#8230; Historias que laten\u201d, que narra en formato breve y din\u00e1mico distintos momentos de la historia del departamento. El estreno ser\u00e1 el pr\u00f3ximo mi\u00e9rcoles 13 de agosto a las 21:00 horas, en el Cine Teatro Antonio Lafalla, en el marco de los festejos por el aniversario del departamento.<\/span><\/strong><\/h4>\n<p>La <em>directora de Cultura, <\/em><span style=\"color: #003366;\"><strong>Mar\u00eda Delia Achetoni<\/strong><\/span>, destac\u00f3 el car\u00e1cter innovador de la propuesta: <strong><em>\u201cEs un proyecto totalmente distinto, no s\u00e9 si en otro departamento existe algo as\u00ed. Venimos trabaj\u00e1ndolo desde hace un a\u00f1o y el intendente nos dio el ok inmediatamente. Son cap\u00edtulos de entre dos y tres minutos que podr\u00e1n trabajarse en familia y en las escuelas. Es una miniserie que va a dar de que hablar\u201d.<\/em><\/strong><\/p>\n<p>La miniserie constar\u00e1 de <strong>10 episodios breves<\/strong>, pensados especialmente para <strong>ni\u00f1os, j\u00f3venes y familias<\/strong>, con el objetivo de <strong>entretener, educar y generar inter\u00e9s por la historia local<\/strong>. Luego de la funci\u00f3n inaugural para invitados, se proyectar\u00e1 durante toda la semana con <strong>entradas accesibles para el p\u00fablico general y funciones especiales para las escuelas<\/strong>.<\/p>\n<p><a href=\"https:\/\/vinasfm.com\/noticias\/wp-content\/uploads\/2025\/07\/Imagen-de-WhatsApp-2025-07-31-a-las-10.54.45_75eb497b.jpg\"><img loading=\"lazy\" decoding=\"async\" class=\"aligncenter wp-image-151379\" src=\"https:\/\/vinasfm.com\/noticias\/wp-content\/uploads\/2025\/07\/Imagen-de-WhatsApp-2025-07-31-a-las-10.54.45_75eb497b-683x1024.jpg\" alt=\"\" width=\"600\" height=\"900\" srcset=\"https:\/\/vinasfm.com\/noticias\/wp-content\/uploads\/2025\/07\/Imagen-de-WhatsApp-2025-07-31-a-las-10.54.45_75eb497b-683x1024.jpg 683w, https:\/\/vinasfm.com\/noticias\/wp-content\/uploads\/2025\/07\/Imagen-de-WhatsApp-2025-07-31-a-las-10.54.45_75eb497b-200x300.jpg 200w, https:\/\/vinasfm.com\/noticias\/wp-content\/uploads\/2025\/07\/Imagen-de-WhatsApp-2025-07-31-a-las-10.54.45_75eb497b-768x1152.jpg 768w, https:\/\/vinasfm.com\/noticias\/wp-content\/uploads\/2025\/07\/Imagen-de-WhatsApp-2025-07-31-a-las-10.54.45_75eb497b.jpg 1024w\" sizes=\"auto, (max-width: 600px) 100vw, 600px\" \/><\/a><\/p>\n<p><span style=\"color: #003366;\"><strong>Sergio Sendra<\/strong><\/span> aport\u00f3 detalles sobre el contenido: <em><strong>\u201cLa serie comienza en la prehistoria de General Alvear, mostrando c\u00f3mo se form\u00f3 su relieve, su flora y fauna, y luego se va insertando en los distintos poblamientos humanos. Aparecen personajes hist\u00f3ricos como Christ\u00f3phersen, Chapeaurouge, Lange, Abutcov, Bairoletto, entre otros\u00bb.<\/strong><\/em><\/p>\n<p>Adem\u00e1s, Sendra explic\u00f3 que cada episodio tiene una l\u00ednea de tiempo que gu\u00eda al espectador desde los or\u00edgenes hasta <strong>la llamada \u2018\u00e9poca dorada\u2019 de Alvear<\/strong>, con sus f\u00e1bricas, bodegas y comercios. <em><strong>\u201cQueremos que sea una semilla de inter\u00e9s para los chicos, que incentive a investigar y conocer m\u00e1s. Incluso puede despertar peque\u00f1os historiadores en nuestras escuelas\u201d<\/strong><\/em>, a\u00f1adi\u00f3.<\/p>\n<p>La serie tambi\u00e9n abordar\u00e1 <strong>aspectos culturales, institucionales, deportivos y econ\u00f3micos<\/strong>, ofreciendo un enfoque integral sobre el pasado y la identidad alvearense.<\/p>\n<p>Desde Cultura ya comenzaron a coordinar con las escuelas para facilitar la asistencia y, adem\u00e1s de la proyecci\u00f3n, se trabajar\u00e1 con <strong>material pedag\u00f3gico<\/strong> para profundizar en los contenidos hist\u00f3ricos.<\/p>\n<p>Con esta propuesta, General Alvear <strong>se convierte en el primer departamento de Mendoza en contar con una miniserie animada educativa sobre su historia<\/strong>, consolidando su compromiso con la cultura, la educaci\u00f3n y la memoria colectiva.<\/p>\n","protected":false},"excerpt":{"rendered":"<p>La Direcci\u00f3n de Cultura de General Alvear dio a conocer un proyecto pionero en la regi\u00f3n: una miniserie animada titulada \u201cAlvear&#8230; &#8230;<\/p>\n","protected":false},"author":7,"featured_media":151378,"comment_status":"open","ping_status":"open","sticky":false,"template":"","format":"standard","meta":{"footnotes":""},"categories":[19,10],"tags":[],"class_list":["post-151377","post","type-post","status-publish","format-standard","has-post-thumbnail","hentry","category-cultura","category-destacadas"],"_links":{"self":[{"href":"https:\/\/vinasfm.com\/noticias\/wp-json\/wp\/v2\/posts\/151377","targetHints":{"allow":["GET"]}}],"collection":[{"href":"https:\/\/vinasfm.com\/noticias\/wp-json\/wp\/v2\/posts"}],"about":[{"href":"https:\/\/vinasfm.com\/noticias\/wp-json\/wp\/v2\/types\/post"}],"author":[{"embeddable":true,"href":"https:\/\/vinasfm.com\/noticias\/wp-json\/wp\/v2\/users\/7"}],"replies":[{"embeddable":true,"href":"https:\/\/vinasfm.com\/noticias\/wp-json\/wp\/v2\/comments?post=151377"}],"version-history":[{"count":2,"href":"https:\/\/vinasfm.com\/noticias\/wp-json\/wp\/v2\/posts\/151377\/revisions"}],"predecessor-version":[{"id":151382,"href":"https:\/\/vinasfm.com\/noticias\/wp-json\/wp\/v2\/posts\/151377\/revisions\/151382"}],"wp:featuredmedia":[{"embeddable":true,"href":"https:\/\/vinasfm.com\/noticias\/wp-json\/wp\/v2\/media\/151378"}],"wp:attachment":[{"href":"https:\/\/vinasfm.com\/noticias\/wp-json\/wp\/v2\/media?parent=151377"}],"wp:term":[{"taxonomy":"category","embeddable":true,"href":"https:\/\/vinasfm.com\/noticias\/wp-json\/wp\/v2\/categories?post=151377"},{"taxonomy":"post_tag","embeddable":true,"href":"https:\/\/vinasfm.com\/noticias\/wp-json\/wp\/v2\/tags?post=151377"}],"curies":[{"name":"wp","href":"https:\/\/api.w.org\/{rel}","templated":true}]}}