{"id":151371,"date":"2025-07-31T10:29:51","date_gmt":"2025-07-31T13:29:51","guid":{"rendered":"https:\/\/vinasfm.com\/noticias\/?p=151371"},"modified":"2025-08-01T10:00:52","modified_gmt":"2025-08-01T13:00:52","slug":"concluye-la-inscripcion-para-la-entrega-de-forestales-y-estacas-mas-de-170-vecinos-ya-se-sumaron-al-programa-ambiental","status":"publish","type":"post","link":"https:\/\/vinasfm.com\/noticias\/concluye-la-inscripcion-para-la-entrega-de-forestales-y-estacas-mas-de-170-vecinos-ya-se-sumaron-al-programa-ambiental\/","title":{"rendered":"TERMIN\u00d3 LA INSCRIPCI\u00d3N PARA LA ENTREGA DE FORESTALES Y ESTACAS: M\u00c1S DE 170 VECINOS YA SE SUMARON AL PROGRAMA AMBIENTAL\u00a0"},"content":{"rendered":"<h4><strong><span style=\"color: #003300;\">Este mi\u00e9rcoles 31 de julio finaliz\u00f3 el per\u00edodo de inscripci\u00f3n para acceder a la entrega gratuita de plantas forestales, estacas y varillones que impulsa el Municipio de General Alvear a trav\u00e9s del \u00e1rea de Gesti\u00f3n Ambiental. <\/span><\/strong><\/h4>\n<p><span style=\"color: #000000;\">El asesor <strong><span style=\"color: #003366;\">Denis Rabanal<\/span><\/strong>, en di\u00e1logo con <span style=\"color: #993366;\"><strong>FM VI\u00d1AS<\/strong><\/span>, brind\u00f3 un balance muy positivo de la convocatoria, que registr\u00f3 176 inscriptos solo en ciudad, a la espera de los n\u00fameros finales de los distritos.<\/span><\/p>\n<p><em><strong>\u201cEl balance de inscripci\u00f3n es muy bueno, hemos tenido mucha gente durante todo el mes acerc\u00e1ndose a inscribirse. Hoy cerramos y ya ma\u00f1ana comenzamos con la planificaci\u00f3n log\u00edstica\u201d<\/strong><\/em>, indic\u00f3 Rabanal. Aclar\u00f3 que, aunque se permite solicitar hasta 600 estacas por productor, la cantidad final entregada depende de la demanda general: <em><strong>\u201cSi hay muchos inscriptos, puede entregarse menos, y si no, se puede completar la solicitud\u201d.<\/strong><\/em><\/p>\n<p>Este a\u00f1o, el Municipio cuenta con una disponibilidad de <strong>28.000 estacas<\/strong>, <strong>entre 16.000 y 18.000 varillones<\/strong>, y cerca de <strong>2.800 forestales<\/strong>. Estas plantas no solo ser\u00e1n distribuidas entre los inscriptos, sino tambi\u00e9n entre las delegaciones municipales, que las utilizar\u00e1n en bulevares y espacios verdes.<\/p>\n<p>Entre las novedades, Rabanal destac\u00f3 que desde el a\u00f1o pasado se implement\u00f3 una <strong>entrega descentralizada<\/strong> en distritos. Este a\u00f1o se entregar\u00e1 en el <strong>Vivero de Recursos Naturales (calle 7) el 14 de agosto<\/strong>, en <strong>Carmensa el 20<\/strong> y en <strong>Bowen el 22<\/strong>.<\/p>\n<p>Sobre el uso de los forestales, el funcionario explic\u00f3:<em><strong> \u201cMuchos vecinos se inscribieron para forestaciones en terrenos particulares \u2014hasta cinco plantas por persona\u2014 y cortinas forestales. En arbolado p\u00fablico hubo menos solicitudes, en parte porque desde el municipio tambi\u00e9n realizamos esas plantaciones\u201d.<\/strong><\/em><\/p>\n<p>Adem\u00e1s, hizo \u00e9nfasis en la <strong>importancia del arbolado urbano<\/strong>: <em><strong>\u201cGenera un microclima que reduce las temperaturas en verano, regula la humedad y mejora la calidad de vida. En un contexto de tanto asfalto y cemento, es fundamental plantar y cuidar \u00e1rboles\u201d.<\/strong><\/em><\/p>\n<p>Rabanal tambi\u00e9n aclar\u00f3 aspectos legales sobre el uso de las veredas:<em><strong> \u201cLa vereda no es propiedad del vecino. Por m\u00e1s que la haya construido, es espacio p\u00fablico y debe respetar el nicho ecol\u00f3gico destinado al arbolado. De hecho, taparlo implica una multa de 106 mil pesos por ejemplar\u201d.<\/strong><\/em><\/p>\n<p>Finalmente, subray\u00f3 que si los ciudadanos tuvieran que costear estas plantas, el gasto ser\u00eda considerable: <em><strong>\u201cAlgunas especies entregadas tienen un valor comercial de entre 15.000 y 25.000 pesos, y sin embargo, se otorgan de forma gratuita para fomentar la forestaci\u00f3n responsable sin competir con los viveros privados\u201d.<\/strong><\/em><\/p>\n<p>Con un fuerte enfoque educativo, el programa ambiental no solo promueve la plantaci\u00f3n, sino tambi\u00e9n el cuidado y la <strong>conciencia ambiental entre vecinos y productores del departamento<\/strong>.<\/p>\n","protected":false},"excerpt":{"rendered":"<p>Este mi\u00e9rcoles 31 de julio finaliz\u00f3 el per\u00edodo de inscripci\u00f3n para acceder a la entrega gratuita de plantas forestales, estacas y &#8230;<\/p>\n","protected":false},"author":7,"featured_media":151372,"comment_status":"open","ping_status":"open","sticky":false,"template":"","format":"standard","meta":{"footnotes":""},"categories":[5,10],"tags":[],"class_list":["post-151371","post","type-post","status-publish","format-standard","has-post-thumbnail","hentry","category-actualidad","category-destacadas"],"_links":{"self":[{"href":"https:\/\/vinasfm.com\/noticias\/wp-json\/wp\/v2\/posts\/151371","targetHints":{"allow":["GET"]}}],"collection":[{"href":"https:\/\/vinasfm.com\/noticias\/wp-json\/wp\/v2\/posts"}],"about":[{"href":"https:\/\/vinasfm.com\/noticias\/wp-json\/wp\/v2\/types\/post"}],"author":[{"embeddable":true,"href":"https:\/\/vinasfm.com\/noticias\/wp-json\/wp\/v2\/users\/7"}],"replies":[{"embeddable":true,"href":"https:\/\/vinasfm.com\/noticias\/wp-json\/wp\/v2\/comments?post=151371"}],"version-history":[{"count":2,"href":"https:\/\/vinasfm.com\/noticias\/wp-json\/wp\/v2\/posts\/151371\/revisions"}],"predecessor-version":[{"id":151419,"href":"https:\/\/vinasfm.com\/noticias\/wp-json\/wp\/v2\/posts\/151371\/revisions\/151419"}],"wp:featuredmedia":[{"embeddable":true,"href":"https:\/\/vinasfm.com\/noticias\/wp-json\/wp\/v2\/media\/151372"}],"wp:attachment":[{"href":"https:\/\/vinasfm.com\/noticias\/wp-json\/wp\/v2\/media?parent=151371"}],"wp:term":[{"taxonomy":"category","embeddable":true,"href":"https:\/\/vinasfm.com\/noticias\/wp-json\/wp\/v2\/categories?post=151371"},{"taxonomy":"post_tag","embeddable":true,"href":"https:\/\/vinasfm.com\/noticias\/wp-json\/wp\/v2\/tags?post=151371"}],"curies":[{"name":"wp","href":"https:\/\/api.w.org\/{rel}","templated":true}]}}