{"id":151340,"date":"2025-07-30T12:10:41","date_gmt":"2025-07-30T15:10:41","guid":{"rendered":"https:\/\/vinasfm.com\/noticias\/?p=151340"},"modified":"2025-07-31T10:19:19","modified_gmt":"2025-07-31T13:19:19","slug":"avanza-la-reparacion-del-puente-de-calle-7-estiman-habilitar-el-transito-a-fines-de-septiembre","status":"publish","type":"post","link":"https:\/\/vinasfm.com\/noticias\/avanza-la-reparacion-del-puente-de-calle-7-estiman-habilitar-el-transito-a-fines-de-septiembre\/","title":{"rendered":"AVANZA LA REPARACI\u00d3N DEL PUENTE DE CALLE 7: ESTIMAN HABILITAR EL TR\u00c1NSITO A FINES DE SEPTIEMBRE"},"content":{"rendered":"<h4><strong><span style=\"color: #003300;\">En di\u00e1logo con FM VI\u00d1AS, el Consejero por la Zona Sur de Vialidad, Leonardo Vi\u00f1olo, brind\u00f3 detalles sobre el avance de la obra de reparaci\u00f3n del puente ubicado en Calle 7, una infraestructura clave para la conectividad del sector sur del departamento.<\/span><\/strong><\/h4>\n<p><strong><em>\u201cYa realizamos el vaciado del tablero, es decir, la loza que va sobre la ruta. Ahora debemos esperar un per\u00edodo de fraguado de entre 45 y 50 d\u00edas, por lo que estimamos que a fines de septiembre estaremos en condiciones de habilitar el tr\u00e1nsito nuevamente\u201d<\/em><\/strong>, explic\u00f3 Vi\u00f1olo.<\/p>\n<p>La obra comenz\u00f3 el <strong>23 de diciembre del 2024<\/strong> y, seg\u00fan el funcionario, <strong>se ha desarrollado en tiempo y forma<\/strong>, con apenas una extensi\u00f3n de unos 20 d\u00edas, algo que consider\u00f3 <em><strong>\u201cno significativo\u201d<\/strong> <\/em>para una intervenci\u00f3n de esa magnitud. Vi\u00f1olo destac\u00f3 que <strong>tras desviar el desag\u00fce<\/strong>, se pudo evaluar la base estructural y tomar la decisi\u00f3n de <strong>reconstruir todo desde cero<\/strong>, lo que garantiza una mayor durabilidad.<\/p>\n<p>Durante el tiempo de ejecuci\u00f3n de la obra, se habilit\u00f3 un <strong>puente alternativo para veh\u00edculos de menor porte<\/strong>, lo que permiti\u00f3 descomprimir la situaci\u00f3n en una zona que alberga <strong>centros de salud, barrios y escuelas<\/strong>. <em><strong>\u201cDesviar el tr\u00e1nsito por arterias vecinas significaba recorridos adicionales de entre 5 y 7 kil\u00f3metros. La soluci\u00f3n provisoria fue clave para los vecinos\u201d<\/strong><\/em>, se\u00f1al\u00f3 Vi\u00f1olo.<\/p>\n<p>Consultado sobre la capacidad del nuevo puente, el consejero confirm\u00f3 que est\u00e1 <strong>preparado para soportar tr\u00e1nsito pesado<\/strong>: <em><strong>\u201cEs una obra de arte vial, que aunque a veces se minimice por tratarse de un puente, requiere una inversi\u00f3n importante y una planificaci\u00f3n a largo plazo. Fue pensada y ejecutada para garantizar el paso seguro de veh\u00edculos pesados por muchos a\u00f1os\u201d.<\/strong><\/em><\/p>\n<p>La habilitaci\u00f3n definitiva del puente a fines de septiembre permitir\u00e1 restablecer la circulaci\u00f3n normal y aliviar la log\u00edstica diaria de cientos de vecinos de la zona.<\/p>\n","protected":false},"excerpt":{"rendered":"<p>En di\u00e1logo con FM VI\u00d1AS, el Consejero por la Zona Sur de Vialidad, Leonardo Vi\u00f1olo, brind\u00f3 detalles sobre el avance de &#8230;<\/p>\n","protected":false},"author":7,"featured_media":151341,"comment_status":"open","ping_status":"open","sticky":false,"template":"","format":"standard","meta":{"footnotes":""},"categories":[29,79],"tags":[],"class_list":["post-151340","post","type-post","status-publish","format-standard","has-post-thumbnail","hentry","category-obras-y-servicios","category-vialidad"],"_links":{"self":[{"href":"https:\/\/vinasfm.com\/noticias\/wp-json\/wp\/v2\/posts\/151340","targetHints":{"allow":["GET"]}}],"collection":[{"href":"https:\/\/vinasfm.com\/noticias\/wp-json\/wp\/v2\/posts"}],"about":[{"href":"https:\/\/vinasfm.com\/noticias\/wp-json\/wp\/v2\/types\/post"}],"author":[{"embeddable":true,"href":"https:\/\/vinasfm.com\/noticias\/wp-json\/wp\/v2\/users\/7"}],"replies":[{"embeddable":true,"href":"https:\/\/vinasfm.com\/noticias\/wp-json\/wp\/v2\/comments?post=151340"}],"version-history":[{"count":1,"href":"https:\/\/vinasfm.com\/noticias\/wp-json\/wp\/v2\/posts\/151340\/revisions"}],"predecessor-version":[{"id":151342,"href":"https:\/\/vinasfm.com\/noticias\/wp-json\/wp\/v2\/posts\/151340\/revisions\/151342"}],"wp:featuredmedia":[{"embeddable":true,"href":"https:\/\/vinasfm.com\/noticias\/wp-json\/wp\/v2\/media\/151341"}],"wp:attachment":[{"href":"https:\/\/vinasfm.com\/noticias\/wp-json\/wp\/v2\/media?parent=151340"}],"wp:term":[{"taxonomy":"category","embeddable":true,"href":"https:\/\/vinasfm.com\/noticias\/wp-json\/wp\/v2\/categories?post=151340"},{"taxonomy":"post_tag","embeddable":true,"href":"https:\/\/vinasfm.com\/noticias\/wp-json\/wp\/v2\/tags?post=151340"}],"curies":[{"name":"wp","href":"https:\/\/api.w.org\/{rel}","templated":true}]}}