{"id":151327,"date":"2025-07-30T10:48:41","date_gmt":"2025-07-30T13:48:41","guid":{"rendered":"https:\/\/vinasfm.com\/noticias\/?p=151327"},"modified":"2025-07-31T09:03:57","modified_gmt":"2025-07-31T12:03:57","slug":"robaron-distintos-objetos-de-una-vivienda-en-monte-coman-mientras-sus-duenos-no-estaban","status":"publish","type":"post","link":"https:\/\/vinasfm.com\/noticias\/robaron-distintos-objetos-de-una-vivienda-en-monte-coman-mientras-sus-duenos-no-estaban\/","title":{"rendered":"ROBARON DISTINTOS OBJETOS DE UNA VIVIENDA EN MONTE COM\u00c1N MIENTRAS SUS DUE\u00d1OS NO ESTABAN"},"content":{"rendered":"<h4><strong><span style=\"color: #003300;\">Un hecho delictivo se registr\u00f3 en la noche del martes en el distrito de Monte Com\u00e1n, cuando delincuentes ingresaron a una vivienda ubicada en calle Buenos Aires al 100 y sustrajeron diversas pertenencias.<\/span><\/strong><\/h4>\n<p>Seg\u00fan la informaci\u00f3n policial, el robo ocurri\u00f3 alrededor de las <strong>20:45<\/strong>, mientras la propietaria del domicilio, <strong>una mujer de 74 a\u00f1os identificada como S.G.G.<\/strong>, se encontraba trabajando. Fue su pareja quien, al regresar al hogar, <strong>constat\u00f3 que personas desconocidas hab\u00edan escalado el cierre perimetral del patio trasero y accedido a la vivienda por una puerta que no contaba con medidas de seguridad<\/strong>.<\/p>\n<p>Del interior de la casa <strong>robaron un par de zapatillas marca Topper y una cartera de cuero marr\u00f3n con documentaci\u00f3n personal<\/strong>.<\/p>\n<p>El hecho fue comunicado al <strong>Ayudante Fiscal Dr. Roa<\/strong>, quien <strong>judicializ\u00f3 la causa y orden\u00f3 el procedimiento correspondiente, adem\u00e1s de otras diligencias de rigor<\/strong>. La investigaci\u00f3n contin\u00faa con el objetivo de dar con los autores del hecho.<\/p>\n","protected":false},"excerpt":{"rendered":"<p>Un hecho delictivo se registr\u00f3 en la noche del martes en el distrito de Monte Com\u00e1n, cuando delincuentes ingresaron a una &#8230;<\/p>\n","protected":false},"author":7,"featured_media":151330,"comment_status":"open","ping_status":"open","sticky":false,"template":"","format":"standard","meta":{"footnotes":""},"categories":[201,4],"tags":[],"class_list":["post-151327","post","type-post","status-publish","format-standard","has-post-thumbnail","hentry","category-inseguridad","category-policiales"],"_links":{"self":[{"href":"https:\/\/vinasfm.com\/noticias\/wp-json\/wp\/v2\/posts\/151327","targetHints":{"allow":["GET"]}}],"collection":[{"href":"https:\/\/vinasfm.com\/noticias\/wp-json\/wp\/v2\/posts"}],"about":[{"href":"https:\/\/vinasfm.com\/noticias\/wp-json\/wp\/v2\/types\/post"}],"author":[{"embeddable":true,"href":"https:\/\/vinasfm.com\/noticias\/wp-json\/wp\/v2\/users\/7"}],"replies":[{"embeddable":true,"href":"https:\/\/vinasfm.com\/noticias\/wp-json\/wp\/v2\/comments?post=151327"}],"version-history":[{"count":1,"href":"https:\/\/vinasfm.com\/noticias\/wp-json\/wp\/v2\/posts\/151327\/revisions"}],"predecessor-version":[{"id":151331,"href":"https:\/\/vinasfm.com\/noticias\/wp-json\/wp\/v2\/posts\/151327\/revisions\/151331"}],"wp:featuredmedia":[{"embeddable":true,"href":"https:\/\/vinasfm.com\/noticias\/wp-json\/wp\/v2\/media\/151330"}],"wp:attachment":[{"href":"https:\/\/vinasfm.com\/noticias\/wp-json\/wp\/v2\/media?parent=151327"}],"wp:term":[{"taxonomy":"category","embeddable":true,"href":"https:\/\/vinasfm.com\/noticias\/wp-json\/wp\/v2\/categories?post=151327"},{"taxonomy":"post_tag","embeddable":true,"href":"https:\/\/vinasfm.com\/noticias\/wp-json\/wp\/v2\/tags?post=151327"}],"curies":[{"name":"wp","href":"https:\/\/api.w.org\/{rel}","templated":true}]}}