{"id":151271,"date":"2025-07-29T10:01:19","date_gmt":"2025-07-29T13:01:19","guid":{"rendered":"https:\/\/vinasfm.com\/noticias\/?p=151271"},"modified":"2025-07-29T10:01:19","modified_gmt":"2025-07-29T13:01:19","slug":"se-encuentran-habilitados-los-pasos-internacionales-cristo-redentor-y-pehuenche-se-recomienda-circular-con-precaucion","status":"publish","type":"post","link":"https:\/\/vinasfm.com\/noticias\/se-encuentran-habilitados-los-pasos-internacionales-cristo-redentor-y-pehuenche-se-recomienda-circular-con-precaucion\/","title":{"rendered":"SE ENCUENTRAN HABILITADOS LOS PASOS INTERNACIONALES CRISTO REDENTOR Y PEHUENCHE: SE RECOMIENDA CIRCULAR CON PRECAUCI\u00d3N"},"content":{"rendered":"<h4><strong><span style=\"color: #003300;\">La Vicejefatura del Interior de la Naci\u00f3n inform\u00f3 este martes que los pasos internacionales Cristo Redentor y Pehuenche se\u00a0encuentran habilitados para todo tipo de veh\u00edculos en ambos sentidos. No obstante, se recomienda a los usuarios circular con precauci\u00f3n por posibles riesgos en las rutas debido a condiciones clim\u00e1ticas y trabajos viales.<\/span><\/strong><\/h4>\n<h3>Paso Internacional Cristo Redentor<\/h3>\n<p>El paso que conecta la provincia de Mendoza con Chile por la Ruta Nacional 7 est\u00e1 <strong>habilitado desde este 29 de julio<\/strong>, seg\u00fan confirm\u00f3 Justo Jos\u00e9 Bascolo, Coordinador General del Paso Internacional Cristo Redentor \u2013 Argentina.<\/p>\n<p>Se advierte a los conductores sobre <strong>posible formaci\u00f3n de hielo en zonas de sombra<\/strong>, por lo que se solicita extremar las medidas de seguridad al transitar.<\/p>\n<p>&nbsp;<\/p>\n<h3>Paso Internacional Pehuenche<\/h3>\n<p>Tambi\u00e9n se encuentra operativo el paso fronterizo Pehuenche, ubicado en el sur mendocino (Malarg\u00fce), sobre Ruta Nacional 145. El Coordinador General Dardo Fabi\u00e1n Reyes confirm\u00f3 que la circulaci\u00f3n est\u00e1 <strong>habilitada para todo tipo de veh\u00edculos<\/strong>, aunque <strong>con precauci\u00f3n<\/strong> debido a <strong>calzada h\u00fameda y zonas en reparaci\u00f3n<\/strong>.<\/p>\n<p>Los horarios habilitados son los siguientes:<\/p>\n<ul>\n<li><strong>Salida de Argentina:<\/strong> 09:00 a 18:00 horas<\/li>\n<li><strong>Entrada a Argentina:<\/strong> 09:00 a 19:00 horas<\/li>\n<\/ul>\n<p>Al igual que en Cristo Redentor, se aconseja a los viajeros consultar el estado del paso en el sitio web oficial antes de emprender su viaje.<\/p>\n","protected":false},"excerpt":{"rendered":"<p>La Vicejefatura del Interior de la Naci\u00f3n inform\u00f3 este martes que los pasos internacionales Cristo Redentor y Pehuenche se\u00a0encuentran habilitados para &#8230;<\/p>\n","protected":false},"author":7,"featured_media":151272,"comment_status":"open","ping_status":"open","sticky":false,"template":"","format":"standard","meta":{"footnotes":""},"categories":[1],"tags":[],"class_list":["post-151271","post","type-post","status-publish","format-standard","has-post-thumbnail","hentry","category-fmvinas"],"_links":{"self":[{"href":"https:\/\/vinasfm.com\/noticias\/wp-json\/wp\/v2\/posts\/151271","targetHints":{"allow":["GET"]}}],"collection":[{"href":"https:\/\/vinasfm.com\/noticias\/wp-json\/wp\/v2\/posts"}],"about":[{"href":"https:\/\/vinasfm.com\/noticias\/wp-json\/wp\/v2\/types\/post"}],"author":[{"embeddable":true,"href":"https:\/\/vinasfm.com\/noticias\/wp-json\/wp\/v2\/users\/7"}],"replies":[{"embeddable":true,"href":"https:\/\/vinasfm.com\/noticias\/wp-json\/wp\/v2\/comments?post=151271"}],"version-history":[{"count":1,"href":"https:\/\/vinasfm.com\/noticias\/wp-json\/wp\/v2\/posts\/151271\/revisions"}],"predecessor-version":[{"id":151273,"href":"https:\/\/vinasfm.com\/noticias\/wp-json\/wp\/v2\/posts\/151271\/revisions\/151273"}],"wp:featuredmedia":[{"embeddable":true,"href":"https:\/\/vinasfm.com\/noticias\/wp-json\/wp\/v2\/media\/151272"}],"wp:attachment":[{"href":"https:\/\/vinasfm.com\/noticias\/wp-json\/wp\/v2\/media?parent=151271"}],"wp:term":[{"taxonomy":"category","embeddable":true,"href":"https:\/\/vinasfm.com\/noticias\/wp-json\/wp\/v2\/categories?post=151271"},{"taxonomy":"post_tag","embeddable":true,"href":"https:\/\/vinasfm.com\/noticias\/wp-json\/wp\/v2\/tags?post=151271"}],"curies":[{"name":"wp","href":"https:\/\/api.w.org\/{rel}","templated":true}]}}