{"id":151249,"date":"2025-07-28T12:04:26","date_gmt":"2025-07-28T15:04:26","guid":{"rendered":"https:\/\/vinasfm.com\/noticias\/?p=151249"},"modified":"2025-07-28T12:04:26","modified_gmt":"2025-07-28T15:04:26","slug":"ocho-personas-fueron-asistidas-en-el-hospital-enfermeros-argentinos-por-intoxicacion-con-monoxido-de-carbono","status":"publish","type":"post","link":"https:\/\/vinasfm.com\/noticias\/ocho-personas-fueron-asistidas-en-el-hospital-enfermeros-argentinos-por-intoxicacion-con-monoxido-de-carbono\/","title":{"rendered":"OCHO PERSONAS FUERON ASISTIDAS EN EL HOSPITAL ENFERMEROS ARGENTINOS POR INTOXICACI\u00d3N CON MON\u00d3XIDO DE CARBONO"},"content":{"rendered":"<p><span style=\"color: #003300;\"><strong>Ocho integrantes de una misma familia, entre ellos varios menores de edad, fueron atendidos en el Hospital Enfermeros Argentinos tras haber sufrido una intoxicaci\u00f3n por mon\u00f3xido de carbono durante la noche del domingo. <\/strong><\/span><\/p>\n<p>Los pacientes ingresaron con s\u00edntomas como cefalea intensa, v\u00f3mitos, mareos y letargo, todos signos comunes en este tipo de emergencias vinculadas al uso de sistemas de calefacci\u00f3n en ambientes poco ventilados.<\/p>\n<p>El <em>director del hospital<\/em>, <span style=\"color: #003366;\"><strong>Dr. Alejandro Torres<\/strong><\/span>, confirm\u00f3 que los pacientes fueron estabilizados r\u00e1pidamente:<em><strong> \u201cIngresaron con mucha cefalea, v\u00f3mitos y malestar general. Uno de los s\u00edntomas m\u00e1s graves es la p\u00e9rdida de conocimiento, e incluso pueden entrar en coma. Por eso la atenci\u00f3n r\u00e1pida es clave. Se los oxigen\u00f3 inmediatamente y respondieron muy bien al tratamiento\u201d.<\/strong><\/em><\/p>\n<p>Seg\u00fan detall\u00f3 Torres, se trata de <strong>una sola familia con tres o cuatro menores y varios adultos<\/strong>, aunque uno de los integrantes permaneci\u00f3 en el domicilio.<strong> Todos los pacientes permanecen en observaci\u00f3n<\/strong>, pero se encuentran fuera de peligro y evolucionando favorablemente.<\/p>\n<p>Torres hizo hincapi\u00e9 en la importancia de la prevenci\u00f3n:<em><strong> \u201cEl mon\u00f3xido es silencioso y mortal. La gente no se da cuenta de lo que est\u00e1 pasando hasta que ya est\u00e1 en un estado avanzado de intoxicaci\u00f3n. Por eso, ventilar los ambientes es fundamental\u201d.<\/strong><\/em><\/p>\n<p>Por su parte, el<em> director de Defensa Civil<\/em>, <span style=\"color: #003366;\"><strong>Javier Velasco<\/strong><\/span>, reiter\u00f3 las recomendaciones ante las bajas temperaturas: <strong><em>\u201cFue un fin de semana muy fr\u00edo y muchas veces las casas permanecen cerradas todo el d\u00eda. Es imprescindible ventilar al menos una o dos veces por jornada, especialmente al mediod\u00eda, y estar atentos a los primeros s\u00edntomas: dolor de cabeza, v\u00f3mitos, somnolencia. En esos casos, acudir de inmediato al centro de salud\u201d.<\/em><\/strong><\/p>\n<p>Velasco tambi\u00e9n advirti\u00f3 sobre el mal uso de artefactos de calefacci\u00f3n: <em><strong>\u201cEn este caso particular se utilizaba una salamandra, que gener\u00f3 un incendio en el techo. Adem\u00e1s del riesgo de intoxicaci\u00f3n, est\u00e1 el peligro de incendios. No hay que sobreexigir los calefactores ni recargar las instalaciones el\u00e9ctricas\u201d.<\/strong><\/em><\/p>\n<p>Finalmente, se record\u00f3 a la poblaci\u00f3n que la llama de los calefactores debe ser siempre azul (nunca amarilla o roja), y que nunca deben utilizarse hornos o cocinas para calefaccionar los ambientes.<\/p>\n<p>La situaci\u00f3n no pas\u00f3 a mayores gracias a la intervenci\u00f3n r\u00e1pida del sistema de salud, pero vuelve a encender las alertas sobre un problema recurrente durante los meses de invierno.<\/p>\n","protected":false},"excerpt":{"rendered":"<p>Ocho integrantes de una misma familia, entre ellos varios menores de edad, fueron atendidos en el Hospital Enfermeros Argentinos tras haber &#8230;<\/p>\n","protected":false},"author":7,"featured_media":151252,"comment_status":"open","ping_status":"open","sticky":false,"template":"","format":"standard","meta":{"footnotes":""},"categories":[1],"tags":[],"class_list":["post-151249","post","type-post","status-publish","format-standard","has-post-thumbnail","hentry","category-fmvinas"],"_links":{"self":[{"href":"https:\/\/vinasfm.com\/noticias\/wp-json\/wp\/v2\/posts\/151249","targetHints":{"allow":["GET"]}}],"collection":[{"href":"https:\/\/vinasfm.com\/noticias\/wp-json\/wp\/v2\/posts"}],"about":[{"href":"https:\/\/vinasfm.com\/noticias\/wp-json\/wp\/v2\/types\/post"}],"author":[{"embeddable":true,"href":"https:\/\/vinasfm.com\/noticias\/wp-json\/wp\/v2\/users\/7"}],"replies":[{"embeddable":true,"href":"https:\/\/vinasfm.com\/noticias\/wp-json\/wp\/v2\/comments?post=151249"}],"version-history":[{"count":1,"href":"https:\/\/vinasfm.com\/noticias\/wp-json\/wp\/v2\/posts\/151249\/revisions"}],"predecessor-version":[{"id":151253,"href":"https:\/\/vinasfm.com\/noticias\/wp-json\/wp\/v2\/posts\/151249\/revisions\/151253"}],"wp:featuredmedia":[{"embeddable":true,"href":"https:\/\/vinasfm.com\/noticias\/wp-json\/wp\/v2\/media\/151252"}],"wp:attachment":[{"href":"https:\/\/vinasfm.com\/noticias\/wp-json\/wp\/v2\/media?parent=151249"}],"wp:term":[{"taxonomy":"category","embeddable":true,"href":"https:\/\/vinasfm.com\/noticias\/wp-json\/wp\/v2\/categories?post=151249"},{"taxonomy":"post_tag","embeddable":true,"href":"https:\/\/vinasfm.com\/noticias\/wp-json\/wp\/v2\/tags?post=151249"}],"curies":[{"name":"wp","href":"https:\/\/api.w.org\/{rel}","templated":true}]}}