{"id":151242,"date":"2025-07-28T11:44:32","date_gmt":"2025-07-28T14:44:32","guid":{"rendered":"https:\/\/vinasfm.com\/noticias\/?p=151242"},"modified":"2025-07-29T10:24:54","modified_gmt":"2025-07-29T13:24:54","slug":"con-gran-exito-culmino-el-torneo-de-basquet-bas21","status":"publish","type":"post","link":"https:\/\/vinasfm.com\/noticias\/con-gran-exito-culmino-el-torneo-de-basquet-bas21\/","title":{"rendered":"CON GRAN \u00c9XITO CULMIN\u00d3 EL TORNEO DE B\u00c1SQUET BAS21"},"content":{"rendered":"<h4>General Alvear recibi\u00f3 a m\u00e1s de 110 deportistas de distintas provincias del pa\u00eds en el marco de la Liga Nacional de B\u00e1squet BAS21, destinada a atletas con s\u00edndrome de Down. El evento se desarroll\u00f3 del jueves al s\u00e1bado en el Polideportivo Deportistas Alvearenses, con la participaci\u00f3n de delegaciones de C\u00f3rdoba, Santa Fe, Entre R\u00edos, La Pampa, Buenos Aires, Mendoza y el norte argentino.<\/h4>\n<p>La actividad fue organizada por la Federaci\u00f3n Argentina de B\u00e1squet Adaptado (FADAP) con el acompa\u00f1amiento de la Municipalidad, a trav\u00e9s de las \u00e1reas de Deporte y Discapacidad. Los equipos se alojaron en clubes, caba\u00f1as y hospedajes locales, lo que gener\u00f3 un importante movimiento tur\u00edstico en el departamento.<\/p>\n<p>Viviana Lima, asesora de Discapacidad, expres\u00f3: <em><strong>\u201clos chicos se van felices, que es lo m\u00e1s importante. M\u00e1s all\u00e1 del resultado deportivo, esto es una verdadera fiesta del deporte y de la inclusi\u00f3n\u201d<\/strong><\/em>.<br \/>\nLas actividades se desarrollaron en el Polideportivo Deportistas Alvearenses, con partidos por la ma\u00f1ana y la tarde, y se extendieron hasta el s\u00e1bado, d\u00eda del acto de cierre y entrega de premios.<\/p>\n<p>Desde la Federaci\u00f3n Argentina de B\u00e1squet Adaptado, el secretario Jorge Pizzarro tambi\u00e9n celebr\u00f3 el desarrollo del torneo: <em><strong>\u201ces la primera vez que un campeonato de estas caracter\u00edsticas se realiza fuera de capitales provinciales, y ha superado todas las expectativas. Agradecemos profundamente al Intendente y a las \u00e1reas de Deporte y Discapacidad por el acompa\u00f1amiento\u201d<\/strong><\/em>.<\/p>\n<p>El evento fue destacado tambi\u00e9n por los entrenadores de los equipos participantes. Lucas Whelan, profesor de la Selecci\u00f3n de C\u00f3rdoba, destac\u00f3 el trato recibido y el nivel organizativo: <em><strong>\u201cnos hicieron sentir como en casa, se prioriz\u00f3 a los chicos, y eso se not\u00f3. Este tipo de encuentros demuestra que las personas con s\u00edndrome de Down pueden competir, superarse y disfrutar del deporte con todo su potencial\u201d<\/strong><\/em>.<\/p>\n<p>Lisandro, jugador oriundo de Mar del Plata, resumi\u00f3 la experiencia en palabras simples pero profundas: <em><strong>\u201ceste viaje fue hermoso, hay equipos dif\u00edciles, pero estamos unidos, con fuerza y con el apoyo de nuestras familias, eso lo es todo\u201d<\/strong><\/em>.<\/p>\n<p>La competencia incluy\u00f3 dos modalidades: desarrollo y competitiva, y fue valorada tanto en lo deportivo como en lo social, promoviendo espacios de inclusi\u00f3n e integraci\u00f3n.<\/p>\n","protected":false},"excerpt":{"rendered":"<p>General Alvear recibi\u00f3 a m\u00e1s de 110 deportistas de distintas provincias del pa\u00eds en el marco de la Liga Nacional de &#8230;<\/p>\n","protected":false},"author":7,"featured_media":151244,"comment_status":"open","ping_status":"open","sticky":false,"template":"","format":"standard","meta":{"footnotes":""},"categories":[3,11],"tags":[],"class_list":["post-151242","post","type-post","status-publish","format-standard","has-post-thumbnail","hentry","category-deportes","category-sociales"],"_links":{"self":[{"href":"https:\/\/vinasfm.com\/noticias\/wp-json\/wp\/v2\/posts\/151242","targetHints":{"allow":["GET"]}}],"collection":[{"href":"https:\/\/vinasfm.com\/noticias\/wp-json\/wp\/v2\/posts"}],"about":[{"href":"https:\/\/vinasfm.com\/noticias\/wp-json\/wp\/v2\/types\/post"}],"author":[{"embeddable":true,"href":"https:\/\/vinasfm.com\/noticias\/wp-json\/wp\/v2\/users\/7"}],"replies":[{"embeddable":true,"href":"https:\/\/vinasfm.com\/noticias\/wp-json\/wp\/v2\/comments?post=151242"}],"version-history":[{"count":1,"href":"https:\/\/vinasfm.com\/noticias\/wp-json\/wp\/v2\/posts\/151242\/revisions"}],"predecessor-version":[{"id":151247,"href":"https:\/\/vinasfm.com\/noticias\/wp-json\/wp\/v2\/posts\/151242\/revisions\/151247"}],"wp:featuredmedia":[{"embeddable":true,"href":"https:\/\/vinasfm.com\/noticias\/wp-json\/wp\/v2\/media\/151244"}],"wp:attachment":[{"href":"https:\/\/vinasfm.com\/noticias\/wp-json\/wp\/v2\/media?parent=151242"}],"wp:term":[{"taxonomy":"category","embeddable":true,"href":"https:\/\/vinasfm.com\/noticias\/wp-json\/wp\/v2\/categories?post=151242"},{"taxonomy":"post_tag","embeddable":true,"href":"https:\/\/vinasfm.com\/noticias\/wp-json\/wp\/v2\/tags?post=151242"}],"curies":[{"name":"wp","href":"https:\/\/api.w.org\/{rel}","templated":true}]}}