{"id":151233,"date":"2025-07-28T11:13:14","date_gmt":"2025-07-28T14:13:14","guid":{"rendered":"https:\/\/vinasfm.com\/noticias\/?p=151233"},"modified":"2025-07-29T10:25:07","modified_gmt":"2025-07-29T13:25:07","slug":"general-alvear-fue-sede-del-primer-encuentro-apicola-integrador-institucional","status":"publish","type":"post","link":"https:\/\/vinasfm.com\/noticias\/general-alvear-fue-sede-del-primer-encuentro-apicola-integrador-institucional\/","title":{"rendered":"GENERAL ALVEAR FUE SEDE DEL PRIMER ENCUENTRO AP\u00cdCOLA INTEGRADOR INSTITUCIONAL"},"content":{"rendered":"<h4 dir=\"auto\"><strong>Este fin de semana se llev\u00f3 a cabo en el Punto Digital de Bodega Fara\u00f3n el Primer Encuentro Ap\u00edcola Integrador Institucional, una jornada clave para el desarrollo de la apicultura en Mendoza que reuni\u00f3 a referentes del sector, t\u00e9cnicos, funcionarios y productores de toda la provincia.<\/strong><\/h4>\n<div dir=\"auto\">El evento fue impulsado por el Consejo Asesor Ap\u00edcola Provincial, con el objetivo de coordinar estrategias, capacitar a los apicultores y relevar las principales necesidades del sector en distintas regiones. En esta oportunidad, General Alvear fue elegido como sede inicial de una serie de talleres que tambi\u00e9n se replicar\u00e1n en San Rafael, Valle de Uco y la zona Este de Mendoza.<\/div>\n<div dir=\"auto\"><\/div>\n<div dir=\"auto\">Guillermo Garc\u00eda, tesorero del Consejo Asesor Ap\u00edcola Provincial, explic\u00f3 que el encuentro busca <em><strong>\u201ctransmitir las novedades del sector, capacitar sobre ordenamiento territorial y buenas pr\u00e1cticas ap\u00edcolas, y generar instancias de di\u00e1logo entre productores y t\u00e9cnicos\u201d<\/strong><\/em>. Adem\u00e1s, destac\u00f3 que el crecimiento de las ferias ap\u00edcolas \u2014una en Lavalle y otra en Alvear, esta \u00faltima organizada por Marco Amor\u00f3s\u2014 ha sido clave para revitalizar la actividad.<\/div>\n<div dir=\"auto\"><\/div>\n<div dir=\"auto\"><em><strong>\u201cEstamos relevando las necesidades de los apicultores en cada departamento para construir pol\u00edticas p\u00fablicas concretas. Alvear es uno de los principales productores de miel de Mendoza, y hay un fuerte impulso en el desarrollo local de la apicultura, con productores que trabajan articuladamente con la Cooperativa El Cha\u00f1ar\u201d<\/strong><\/em>, subray\u00f3 Garc\u00eda.<\/div>\n<div dir=\"auto\"><\/div>\n<div dir=\"auto\">La apicultura, adem\u00e1s de su importancia econ\u00f3mica, cumple un rol fundamental en la biodiversidad agr\u00edcola, ya que la polinizaci\u00f3n impacta directamente en cultivos de frutas y semillas.<\/div>\n<div dir=\"auto\"><\/div>\n<div dir=\"auto\">El secretario de Desarrollo de General Alvear, Hugo Molina, remarc\u00f3 que el encuentro se enmarca en una pol\u00edtica clara del municipio, encabezada por el intendente Alejandro Molero, de fortalecer todas las actividades productivas del departamento.<\/div>\n<div dir=\"auto\"><\/div>\n<div dir=\"auto\"><em><strong>\u201cVenimos acompa\u00f1ando al sector ap\u00edcola desde hace tiempo. Ya participamos en jornadas t\u00e9cnicas anteriores y ahora facilitamos este espacio de trabajo conjunto entre el municipio, el Consejo Ap\u00edcola y la Direcci\u00f3n de Ganader\u00eda provincial. Es la primera vez que se genera esta articulaci\u00f3n en Alvear, y creemos que ser\u00e1 replicada en otros departamentos\u201d<\/strong><\/em>, se\u00f1al\u00f3.<\/div>\n<div dir=\"auto\"><\/div>\n<div dir=\"auto\">Molina destac\u00f3 tambi\u00e9n el crecimiento sostenido del sector, que pas\u00f3 de ser una actividad complementaria a convertirse en el eje econ\u00f3mico principal para muchos apicultores. <em><strong>\u201cEl gran desaf\u00edo es mejorar los apiarios, aumentar la producci\u00f3n y, sobre todo, generar valor agregado, ya que el 95% de la producci\u00f3n se exporta a granel, lo que deja escaso margen de rentabilidad\u201d<\/strong><\/em>, explic\u00f3.<\/div>\n<div dir=\"auto\"><\/div>\n<div dir=\"auto\">Este primer encuentro marc\u00f3 el inicio de una serie de instancias de planificaci\u00f3n y formaci\u00f3n t\u00e9cnica que buscan dar respuesta a las demandas concretas del sector, fortalecer la organizaci\u00f3n productiva y avanzar hacia una apicultura provincial m\u00e1s integrada, profesional y sostenible.<\/div>\n","protected":false},"excerpt":{"rendered":"<p>Este fin de semana se llev\u00f3 a cabo en el Punto Digital de Bodega Fara\u00f3n el Primer Encuentro Ap\u00edcola Integrador Institucional, &#8230;<\/p>\n","protected":false},"author":7,"featured_media":151237,"comment_status":"open","ping_status":"open","sticky":false,"template":"","format":"standard","meta":{"footnotes":""},"categories":[170,10],"tags":[],"class_list":["post-151233","post","type-post","status-publish","format-standard","has-post-thumbnail","hentry","category-apicultura","category-destacadas"],"_links":{"self":[{"href":"https:\/\/vinasfm.com\/noticias\/wp-json\/wp\/v2\/posts\/151233","targetHints":{"allow":["GET"]}}],"collection":[{"href":"https:\/\/vinasfm.com\/noticias\/wp-json\/wp\/v2\/posts"}],"about":[{"href":"https:\/\/vinasfm.com\/noticias\/wp-json\/wp\/v2\/types\/post"}],"author":[{"embeddable":true,"href":"https:\/\/vinasfm.com\/noticias\/wp-json\/wp\/v2\/users\/7"}],"replies":[{"embeddable":true,"href":"https:\/\/vinasfm.com\/noticias\/wp-json\/wp\/v2\/comments?post=151233"}],"version-history":[{"count":2,"href":"https:\/\/vinasfm.com\/noticias\/wp-json\/wp\/v2\/posts\/151233\/revisions"}],"predecessor-version":[{"id":151276,"href":"https:\/\/vinasfm.com\/noticias\/wp-json\/wp\/v2\/posts\/151233\/revisions\/151276"}],"wp:featuredmedia":[{"embeddable":true,"href":"https:\/\/vinasfm.com\/noticias\/wp-json\/wp\/v2\/media\/151237"}],"wp:attachment":[{"href":"https:\/\/vinasfm.com\/noticias\/wp-json\/wp\/v2\/media?parent=151233"}],"wp:term":[{"taxonomy":"category","embeddable":true,"href":"https:\/\/vinasfm.com\/noticias\/wp-json\/wp\/v2\/categories?post=151233"},{"taxonomy":"post_tag","embeddable":true,"href":"https:\/\/vinasfm.com\/noticias\/wp-json\/wp\/v2\/tags?post=151233"}],"curies":[{"name":"wp","href":"https:\/\/api.w.org\/{rel}","templated":true}]}}