{"id":151216,"date":"2025-07-28T09:57:10","date_gmt":"2025-07-28T12:57:10","guid":{"rendered":"https:\/\/vinasfm.com\/noticias\/?p=151216"},"modified":"2025-07-28T11:47:35","modified_gmt":"2025-07-28T14:47:35","slug":"gendarmeria-nacional-celebra-su-87-aniversario-con-compromiso-y-vocacion-de-servicio","status":"publish","type":"post","link":"https:\/\/vinasfm.com\/noticias\/gendarmeria-nacional-celebra-su-87-aniversario-con-compromiso-y-vocacion-de-servicio\/","title":{"rendered":"GENDARMER\u00cdA NACIONAL CELEBRA SU 87\u00b0 ANIVERSARIO CON COMPROMISO Y VOCACI\u00d3N DE SERVICIO\u00a0"},"content":{"rendered":"<h4><strong><span style=\"color: #003300;\">La Gendarmer\u00eda Nacional Argentina conmemora este 28 de julio su 87\u00b0 aniversario, una jornada que honra la creaci\u00f3n de esta fuerza federal clave para la defensa, el orden y la protecci\u00f3n del territorio nacional. En el sur de Mendoza, el Escuadr\u00f3n 29 de Gendarmer\u00eda, con jurisdicci\u00f3n en los departamentos de Malarg\u00fce, San Rafael y General Alvear, celebr\u00f3 esta fecha reafirmando su compromiso con la comunidad y la soberan\u00eda nacional.<\/span><\/strong><\/h4>\n<p>El <strong><span style=\"color: #003366;\">Comandante Principal Marco Gregorio Ortiz<\/span><\/strong>, <em>jefe del Escuadr\u00f3n 29<\/em>, destac\u00f3 la importancia estrat\u00e9gica de esta regi\u00f3n y el rol fundamental que cumple la Gendarmer\u00eda tanto en la seguridad de las fronteras como en la prevenci\u00f3n de delitos federales y la colaboraci\u00f3n con las comunidades locales.<\/p>\n<p><strong><em>\u201cHoy conmemoramos 87 a\u00f1os al servicio de la patria. Es mi primer aniversario como jefe de escuadr\u00f3n en esta zona, y me siento profundamente comprometido con cada uno de estos departamentos. Nuestra presencia va m\u00e1s all\u00e1 del control fronterizo: estamos para prevenir, actuar y acompa\u00f1ar a nuestras comunidades\u201d<\/em><\/strong>, expres\u00f3 Ortiz.<\/p>\n<p>Entre las funciones actuales del escuadr\u00f3n se destacan la <strong>lucha contra el narcotr\u00e1fico, la prevenci\u00f3n de delitos ambientales y la protecci\u00f3n del patrimonio cultural.<\/strong> En los \u00faltimos meses, Gendarmer\u00eda ha intervenido en casos de trata de personas con fines de explotaci\u00f3n laboral, con resultados positivos gracias al trabajo articulado con la Justicia Federal.<\/p>\n<p>Adem\u00e1s, durante este invierno particularmente riguroso, los efectivos han colaborado en controles viales, asistencia a turistas y puesteros afectados por las nevadas, y en la vigilancia del Paso Pehuenche, que este a\u00f1o permanece habilitado durante la temporada invernal por primera vez en seis d\u00e9cadas.<\/p>\n<p><img decoding=\"async\" src=\"https:\/\/upload.wikimedia.org\/wikipedia\/commons\/thumb\/3\/36\/Bandera_de_la_Gendarmeria_Argentina_II.svg\/1200px-Bandera_de_la_Gendarmeria_Argentina_II.svg.png\" alt=\"Gendarmer\u00eda Nacional Argentina - Wikipedia, la enciclopedia libre\" \/><\/p>\n<p><strong><em>\u201cNos sentimos muy cerca del vecino. Formamos parte de la comunidad, nuestras familias viven aqu\u00ed y nos honra ser recibidos con tanto afecto\u201d<\/em><\/strong>, se\u00f1al\u00f3 el Comandante Principal, quien tambi\u00e9n envi\u00f3 un mensaje de reconocimiento al personal en actividad y a los retirados y pensionadas de la fuerza: <em><strong>\u201cAgradezco su compromiso, su apego a los derechos humanos, y el legado de quienes nos precedieron. El retirado nunca se va, sigue con la camiseta puesta\u201d.<\/strong><\/em><\/p>\n<p>Por \u00faltimo, Ortiz agradeci\u00f3 el respaldo de los ciudadanos:<strong><em> \u201cEstamos para servir y vamos a seguir colaborando con los distintos organismos locales, siempre con el objetivo de trabajar por el bien de la sociedad\u201d.<\/em><\/strong><\/p>\n<p>La Gendarmer\u00eda Nacional Argentina fue creada el 28 de julio de 1938 y desde entonces ha sido un pilar en la defensa y protecci\u00f3n de las fronteras del pa\u00eds. Cada a\u00f1o abre sus convocatorias para formar a nuevos gendarmes, tras un exigente proceso de selecci\u00f3n.<\/p>\n","protected":false},"excerpt":{"rendered":"<p>La Gendarmer\u00eda Nacional Argentina conmemora este 28 de julio su 87\u00b0 aniversario, una jornada que honra la creaci\u00f3n de esta fuerza &#8230;<\/p>\n","protected":false},"author":7,"featured_media":151218,"comment_status":"open","ping_status":"open","sticky":false,"template":"","format":"standard","meta":{"footnotes":""},"categories":[5,10],"tags":[],"class_list":["post-151216","post","type-post","status-publish","format-standard","has-post-thumbnail","hentry","category-actualidad","category-destacadas"],"_links":{"self":[{"href":"https:\/\/vinasfm.com\/noticias\/wp-json\/wp\/v2\/posts\/151216","targetHints":{"allow":["GET"]}}],"collection":[{"href":"https:\/\/vinasfm.com\/noticias\/wp-json\/wp\/v2\/posts"}],"about":[{"href":"https:\/\/vinasfm.com\/noticias\/wp-json\/wp\/v2\/types\/post"}],"author":[{"embeddable":true,"href":"https:\/\/vinasfm.com\/noticias\/wp-json\/wp\/v2\/users\/7"}],"replies":[{"embeddable":true,"href":"https:\/\/vinasfm.com\/noticias\/wp-json\/wp\/v2\/comments?post=151216"}],"version-history":[{"count":2,"href":"https:\/\/vinasfm.com\/noticias\/wp-json\/wp\/v2\/posts\/151216\/revisions"}],"predecessor-version":[{"id":151219,"href":"https:\/\/vinasfm.com\/noticias\/wp-json\/wp\/v2\/posts\/151216\/revisions\/151219"}],"wp:featuredmedia":[{"embeddable":true,"href":"https:\/\/vinasfm.com\/noticias\/wp-json\/wp\/v2\/media\/151218"}],"wp:attachment":[{"href":"https:\/\/vinasfm.com\/noticias\/wp-json\/wp\/v2\/media?parent=151216"}],"wp:term":[{"taxonomy":"category","embeddable":true,"href":"https:\/\/vinasfm.com\/noticias\/wp-json\/wp\/v2\/categories?post=151216"},{"taxonomy":"post_tag","embeddable":true,"href":"https:\/\/vinasfm.com\/noticias\/wp-json\/wp\/v2\/tags?post=151216"}],"curies":[{"name":"wp","href":"https:\/\/api.w.org\/{rel}","templated":true}]}}