{"id":151207,"date":"2025-07-28T09:04:24","date_gmt":"2025-07-28T12:04:24","guid":{"rendered":"https:\/\/vinasfm.com\/noticias\/?p=151207"},"modified":"2025-07-28T11:44:30","modified_gmt":"2025-07-28T14:44:30","slug":"a-pesar-del-furor-por-el-pistacho-la-produccion-local-no-alcanza-para-cubrir-la-demanda","status":"publish","type":"post","link":"https:\/\/vinasfm.com\/noticias\/a-pesar-del-furor-por-el-pistacho-la-produccion-local-no-alcanza-para-cubrir-la-demanda\/","title":{"rendered":"A PESAR DEL FUROR POR EL PISTACHO, LA PRODUCCI\u00d3N LOCAL NO ALCANZA PARA CUBRIR LA DEMANDA"},"content":{"rendered":"<p>La provincia de Mendoza tiene condiciones ideales para este fruto seco, pero la producci\u00f3n no cubre la demanda y faltan inversiones.<\/p>\n<article class=\"article-body article-body--first-paragraph\">La<strong>\u00a0provincia de Mendoza<\/strong>\u00a0se caracteriza por estar a la cabeza de la\u00a0<strong>producci\u00f3n del vino, el tomate e, incluso, el aceite de oliva.<\/strong>\u00a0Sin embargo, otro\u00a0<strong>alimento<\/strong>\u00a0gana cada vez m\u00e1s popularidad entre los\u00a0<strong>consumidores<\/strong>\u00a0<strong>y encuentra en el suelo y el clima mendocino<\/strong>\u00a0condiciones ideales para desarrollarse: el\u00a0<strong>pistacho.<\/strong><\/article>\n<article class=\"article-body article-body--second-paragraph\">El\u00a0<strong>pistacho gan\u00f3 popularidad en el \u00faltimo tiempo gracias al chocolate Dub\u00e1i<\/strong>. Tras el furor, avanz\u00f3 una\u00a0<strong>ola de lanzamientos<\/strong>\u00a0de alfajores, helados, bombones y trufas a base de este producto.<\/p>\n<article class=\"article-body article-body--second-paragraph\">Ahora bien, se trata de un\u00a0<strong>fruto seco<\/strong>\u00a0que es muy caro y que no se consigue con\u00a0<strong>facilidad.<\/strong>\u00a0Por esa raz\u00f3n,\u00a0<strong>SITIO ANDINO<\/strong>\u00a0consult\u00f3 a un referente en la actividad para entender las condiciones de producci\u00f3n en la provincia.\u00a0<strong>Sebasti\u00e1n Halpern<\/strong>, CEO de la empresa de insumos para la conducci\u00f3n, control y filtrado del agua, introdujo con cierta preocupaci\u00f3n la tem\u00e1tica: \u00abEl pistacho de Mendoza, San Juan y Argentina\u00a0<strong>no alcanza para abastecer la demanda que tiene<\/strong>\u00ab.<\/article>\n<article class=\"article-body article-body--second-paragraph\">\n<h2>Limitaciones en la producci\u00f3n del pistacho<\/h2>\n<p>En principio, se\u00f1al\u00f3 que la\u00a0<strong>popularidad del pistacho produjo una elevada demanda<\/strong>\u00a0en el mundo y en el pa\u00eds, lo que provoca una\u00a0<strong>escalada en el precio<\/strong>. En este marco, se\u00f1al\u00f3 que la producci\u00f3n del pistacho en la regi\u00f3n de Cuyo muestra un crecimiento en los \u00faltimos a\u00f1os. Sin embargo, se trata de un\u00a0<strong>crecimiento que \u00abno alcanza\u00bb<\/strong>\u00a0ya que las hect\u00e1reas cultivadas no son suficiente para cubrir el\u00a0<strong>consumo\u00a0interno.<\/strong><\/p>\n<p>Agreg\u00f3 que la\u00a0<strong>expansi\u00f3n de esta producci\u00f3n<\/strong>\u00a0se ve\u00a0<strong>afectada<\/strong>\u00a0por diferentes\u00a0<strong>factores naturales y externos<\/strong>. Por un lado, es un producto que se da en mucho tiempo y comenzar su producci\u00f3n puede demorar entre<strong>\u00a0cinco y ocho a\u00f1os<\/strong>. Por eso, incluso si todas las hect\u00e1reas actualmente plantadas entraran en producci\u00f3n ma\u00f1ana,\u00a0<strong>\u00abtampoco alcanzar\u00edan\u00bb<\/strong>, se\u00f1al\u00f3 Halpern.<\/p>\n<h2 data-start=\"765\" data-end=\"996\">Mendoza cuenta con suelo f\u00e9rtil para la producci\u00f3n de pistacho<\/h2>\n<p data-start=\"998\" data-end=\"1387\">El cultivo de pistacho encuentra en Mendoza un\u00a0<strong>suelo f\u00e9rtil para su producci\u00f3n<\/strong>. Sin embargo, contin\u00faa estando muy por detr\u00e1s de San Juan, que lidera la regi\u00f3n con unas 4.000 a 5.000 hect\u00e1reas plantadas. Mendoza, por su parte, cuenta con alrededor de 500 a 600 hect\u00e1reas. \u00ab<strong>Mendoza es una zona muy buena para producir pistacho<\/strong>, sobre todo el Este y el Norte, como Lavalle, Costa de Araujo y San Mart\u00edn. Pero hay pocos productores y muchos deber\u00edan reconvertirse\u00bb, advirti\u00f3 Halpern.<\/p>\n<p data-start=\"1389\" data-end=\"1693\">Una de las principales limitaciones es la\u00a0<strong>inversi\u00f3n inicial que demanda este tipo de cultivo<\/strong>. Explic\u00f3 que hay que esperar\u00a0<strong>alrededor de cinco y ocho a\u00f1os para ver resultados<\/strong>, por lo que es necesario apostar a inversiones en dicha actividad. \u00abCreo que la provincia deber\u00eda salir a buscar\u00a0<strong>fondos de inversi\u00f3n internacionales<\/strong>, de Espa\u00f1a, Arabia, Europa en general\u201d, sostuvo.<\/p>\n<h2 data-start=\"1389\" data-end=\"1693\">Costos y posibilidades de exportaci\u00f3n de pistacho<\/h2>\n<p data-start=\"1695\" data-end=\"1950\">El\u00a0<strong>costo por plantar una hect\u00e1rea de pistacho\u00a0<\/strong>se ubica alrededor de los US$25.000 y producirla implica entre US$15.000 y US$20.000 m\u00e1s. \u00abSe necesita m\u00e1s o menos\u00a0<strong>US$45.000 o US$50.000\u00a0<\/strong>por hect\u00e1rea. Lo recuper\u00e1s r\u00e1pido, pero hay que esperar\u00bb, detall\u00f3 el empresario.<\/p>\n<p data-start=\"1695\" data-end=\"1950\"><img decoding=\"async\" src=\"https:\/\/media.sitioandino.com.ar\/p\/4c0730e8df1a1bec00cee14d1035ac00\/adjuntos\/335\/imagenes\/000\/792\/0000792847\/790x0\/smart\/image.png\" alt=\"En la provincia de Mendoza, la producci\u00f3n de este fruto seco no alcanza para cubrir la demanda\" \/><\/p>\n<p data-start=\"1695\" data-end=\"1950\">A pesar de estos costos, Halpern indic\u00f3: \u00abTenemos la tecnolog\u00eda, las ganas, la gente para hacerlo.\u00a0<strong>Falta confianza<\/strong>\u00ab. Subray\u00f3 que tanto Mendoza como San Juan cuentan con muchas posibilidades, por lo una inyecci\u00f3n de\u00a0<strong>inversiones<\/strong>\u00a0ser\u00eda un importante motor para el sector.<\/p>\n<p data-start=\"1695\" data-end=\"1950\">Las\u00a0<strong>condiciones clim\u00e1ticas de la regi\u00f3n cuyana<\/strong>\u00a0son una buena se\u00f1al para la producci\u00f3n, lo que alentar\u00eda la posibilidad de\u00a0<strong>exportaci\u00f3n.<\/strong>\u00a0Sin embargo, la exportaci\u00f3n es limitada porque \u00abla demanda local es m\u00e1s alta que la exportaci\u00f3n\u00bb. No obstante, indic\u00f3 que\u00a0<strong>\u00abseguramente se est\u00e1 exportando algo como estrategia para ir desarrollando clientes\u00bb.<\/strong><\/p>\n<h2 data-start=\"1695\" data-end=\"1950\">Cu\u00e1nto pistacho se consume de forma interna<\/h2>\n<p data-start=\"2256\" data-end=\"2621\"><span id=\"saysCMSEmphasis28ah5x755sv\" class=\"saysCMSEmphasis\">El consumo interno crece de forma acelerada y se refleja en distintos comercios que ofrecen cada vez m\u00e1s productos con pistacho: helados, galletas, alfajores, chocolates o, incluso, snacks. Tal como dijo Halpern, el pistacho \u00abes un fruto seco de moda y altamente demandado\u00bb.<\/span><\/p>\n<p data-start=\"2256\" data-end=\"2621\">La alta demanda explica la\u00a0<strong>urgencia de atender este mercado<\/strong>\u00a0interno \u2013y externo\u2013 que podr\u00eda alentar la actividad econ\u00f3mica de la provincia.<\/p>\n<\/article>\n<\/article>\n","protected":false},"excerpt":{"rendered":"<p>La provincia de Mendoza tiene condiciones ideales para este fruto seco, pero la producci\u00f3n no cubre la demanda y faltan inversiones. &#8230;<\/p>\n","protected":false},"author":7,"featured_media":151210,"comment_status":"open","ping_status":"open","sticky":false,"template":"","format":"standard","meta":{"footnotes":""},"categories":[5,14],"tags":[],"class_list":["post-151207","post","type-post","status-publish","format-standard","has-post-thumbnail","hentry","category-actualidad","category-agro"],"_links":{"self":[{"href":"https:\/\/vinasfm.com\/noticias\/wp-json\/wp\/v2\/posts\/151207","targetHints":{"allow":["GET"]}}],"collection":[{"href":"https:\/\/vinasfm.com\/noticias\/wp-json\/wp\/v2\/posts"}],"about":[{"href":"https:\/\/vinasfm.com\/noticias\/wp-json\/wp\/v2\/types\/post"}],"author":[{"embeddable":true,"href":"https:\/\/vinasfm.com\/noticias\/wp-json\/wp\/v2\/users\/7"}],"replies":[{"embeddable":true,"href":"https:\/\/vinasfm.com\/noticias\/wp-json\/wp\/v2\/comments?post=151207"}],"version-history":[{"count":2,"href":"https:\/\/vinasfm.com\/noticias\/wp-json\/wp\/v2\/posts\/151207\/revisions"}],"predecessor-version":[{"id":151246,"href":"https:\/\/vinasfm.com\/noticias\/wp-json\/wp\/v2\/posts\/151207\/revisions\/151246"}],"wp:featuredmedia":[{"embeddable":true,"href":"https:\/\/vinasfm.com\/noticias\/wp-json\/wp\/v2\/media\/151210"}],"wp:attachment":[{"href":"https:\/\/vinasfm.com\/noticias\/wp-json\/wp\/v2\/media?parent=151207"}],"wp:term":[{"taxonomy":"category","embeddable":true,"href":"https:\/\/vinasfm.com\/noticias\/wp-json\/wp\/v2\/categories?post=151207"},{"taxonomy":"post_tag","embeddable":true,"href":"https:\/\/vinasfm.com\/noticias\/wp-json\/wp\/v2\/tags?post=151207"}],"curies":[{"name":"wp","href":"https:\/\/api.w.org\/{rel}","templated":true}]}}