{"id":151202,"date":"2025-07-28T08:48:51","date_gmt":"2025-07-28T11:48:51","guid":{"rendered":"https:\/\/vinasfm.com\/noticias\/?p=151202"},"modified":"2025-07-28T11:13:13","modified_gmt":"2025-07-28T14:13:13","slug":"paso-a-chile-alfredo-cornejo-ratifico-el-acuerdo-por-obras-con-nacion","status":"publish","type":"post","link":"https:\/\/vinasfm.com\/noticias\/paso-a-chile-alfredo-cornejo-ratifico-el-acuerdo-por-obras-con-nacion\/","title":{"rendered":"PASO A CHILE: ALFREDO CORNEJO RATIFIC\u00d3 EL ACUERDO POR OBRAS CON NACI\u00d3N"},"content":{"rendered":"<h4><strong><span style=\"color: #003300;\">La firma fue en febrero con un enviado de Guillermo Francos. Quieren mejorar la infraestructura de servicios para agilizar el cruce de personas y facilitar el comercio internacional.<\/span><\/strong><\/h4>\n<p>A trav\u00e9s del\u00a0<strong>Decreto 1443<\/strong>, publicado en el Bolet\u00edn Oficial este lunes, la Provincia formaliz\u00f3 la aprobaci\u00f3n del convenio con el Gobierno nacional para\u00a0<strong>mejorar la infraestructura fronteriza<\/strong>\u00a0y\u00a0<strong>facilitar el comercio internacional<\/strong>, que se firm\u00f3 el 21 de febrero de 2025 entre el gobernador\u00a0<strong>Alfredo Cornejo<\/strong>\u00a0y el titular de la Vicejefatura de Gabinete de Interior,\u00a0<strong>Lisandro Catalan<\/strong>.<\/p>\n<p>El coraz\u00f3n de este convenio es la\u00a0<strong>coordinaci\u00f3n de acciones para la planificaci\u00f3n, ejecuci\u00f3n y supervisi\u00f3n de trabajos de reparaci\u00f3n, mantenimiento y mejora en la infraestructura del Sistema Integrado Cristo Redentor<\/strong>.<\/p>\n<p>La meta es clara:\u00a0<strong>garantizar la eficiencia en la circulaci\u00f3n de personas, veh\u00edculos y cargas<\/strong>, lo que contribuir\u00e1 al desarrollo sostenible y a la integraci\u00f3n nacional e internacional de la regi\u00f3n.<\/p>\n<p>Seg\u00fan lo estipulado, la Naci\u00f3n se compromete a la provisi\u00f3n de recursos t\u00e9cnicos, administrativos y financieros, mientras que la Provincia asumir\u00e1 la gesti\u00f3n operativa y administrativa de las tareas. Para dar operatividad a este acuerdo marco, se prev\u00e9 la suscripci\u00f3n de convenios espec\u00edficos que detallar\u00e1n alcances, responsabilidades, cronogramas y financiamiento.<\/p>\n<p>En febrero, Catal\u00e1n afirm\u00f3 junto a Cornejo en Casa de Gobierno:\u00a0\u201c<strong><em>Nos comprometemos con dotar de infraestructura el Cristo Redentor en lo urgente, los tr\u00e1mites deben ser \u00e1giles y r\u00e1pidos<\/em><\/strong>\u201c.<\/p>\n<p>Incluso adelant\u00f3 que\u00a0<strong><em>\u201cplanificamos en el corto plazo la posibilidad de llevar un proceso de recepci\u00f3n de ofertas de los privados para tener una oferta del mejor nivel internacional\u201d.<\/em><\/strong><\/p>\n<aside class=\"scaip scaip-2 \"><\/aside>\n<p>El que moriger\u00f3 el anuncio en aquella instancia fue el <em>ministro de Producci\u00f3n<\/em>, <span style=\"color: #003366;\"><strong>Rodolfo Vargas Arizu<\/strong><\/span>: <strong><em>\u201cHay que modificar la infraestructura, con este convenio intervienen los p\u00fablicos y los privados, como fue en Paso de Los Libres. Es un plan que va a empezar a licitarse y no estar\u00e1 disponible en lo inmediato, pero necesitamos empezar a cambiar las cosas\u201d.\u00a0<\/em><\/strong><\/p>\n<aside class=\"scaip scaip-1 \">\n<div class=\"newspack_global_ad scaip-1 fixed-height\">\n<div id=\"div-gpt-ad-1c2678cf18-0\" data-google-query-id=\"CJ_e5sq8344DFftc3QIdxjgQJg\"><\/div>\n<\/div>\n<\/aside>\n","protected":false},"excerpt":{"rendered":"<p>La firma fue en febrero con un enviado de Guillermo Francos. Quieren mejorar la infraestructura de servicios para agilizar el cruce &#8230;<\/p>\n","protected":false},"author":7,"featured_media":151203,"comment_status":"open","ping_status":"open","sticky":false,"template":"","format":"standard","meta":{"footnotes":""},"categories":[5,30,204],"tags":[],"class_list":["post-151202","post","type-post","status-publish","format-standard","has-post-thumbnail","hentry","category-actualidad","category-paso-pehuenche","category-paso-redentor"],"_links":{"self":[{"href":"https:\/\/vinasfm.com\/noticias\/wp-json\/wp\/v2\/posts\/151202","targetHints":{"allow":["GET"]}}],"collection":[{"href":"https:\/\/vinasfm.com\/noticias\/wp-json\/wp\/v2\/posts"}],"about":[{"href":"https:\/\/vinasfm.com\/noticias\/wp-json\/wp\/v2\/types\/post"}],"author":[{"embeddable":true,"href":"https:\/\/vinasfm.com\/noticias\/wp-json\/wp\/v2\/users\/7"}],"replies":[{"embeddable":true,"href":"https:\/\/vinasfm.com\/noticias\/wp-json\/wp\/v2\/comments?post=151202"}],"version-history":[{"count":1,"href":"https:\/\/vinasfm.com\/noticias\/wp-json\/wp\/v2\/posts\/151202\/revisions"}],"predecessor-version":[{"id":151204,"href":"https:\/\/vinasfm.com\/noticias\/wp-json\/wp\/v2\/posts\/151202\/revisions\/151204"}],"wp:featuredmedia":[{"embeddable":true,"href":"https:\/\/vinasfm.com\/noticias\/wp-json\/wp\/v2\/media\/151203"}],"wp:attachment":[{"href":"https:\/\/vinasfm.com\/noticias\/wp-json\/wp\/v2\/media?parent=151202"}],"wp:term":[{"taxonomy":"category","embeddable":true,"href":"https:\/\/vinasfm.com\/noticias\/wp-json\/wp\/v2\/categories?post=151202"},{"taxonomy":"post_tag","embeddable":true,"href":"https:\/\/vinasfm.com\/noticias\/wp-json\/wp\/v2\/tags?post=151202"}],"curies":[{"name":"wp","href":"https:\/\/api.w.org\/{rel}","templated":true}]}}