{"id":151183,"date":"2025-07-26T20:11:28","date_gmt":"2025-07-26T23:11:28","guid":{"rendered":"https:\/\/vinasfm.com\/noticias\/?p=151183"},"modified":"2025-07-28T21:02:35","modified_gmt":"2025-07-29T00:02:35","slug":"y-un-dia-el-peronismo-logro-la-unidad-asi-quedo-la-lista-de-candidatos-nacionales","status":"publish","type":"post","link":"https:\/\/vinasfm.com\/noticias\/y-un-dia-el-peronismo-logro-la-unidad-asi-quedo-la-lista-de-candidatos-nacionales\/","title":{"rendered":"Y UN D\u00cdA EL PERONISMO LOGR\u00d3 LA UNIDAD: AS\u00cd QUED\u00d3 LA LISTA DE CANDIDATOS NACIONALES"},"content":{"rendered":"<h4>El PJ Mendoza anunci\u00f3 que lleg\u00f3 a la unidad, despu\u00e9s de semanas de negociaci\u00f3n entre los intendentes y La C\u00e1mpora.<\/h4>\n<p>Despu\u00e9s de semanas de intensa rosca entre el sector de los\u00a0<a class=\"agrupador\" href=\"https:\/\/www.losandes.com.ar\/temas\/intendentes\" rel=\"8494\">intendentes<\/a>, liderado por\u00a0<strong>Emir F\u00e9lix\u00a0<\/strong>(presidente del PJ Mendoza), y\u00a0<strong><a class=\"agrupador\" href=\"https:\/\/www.losandes.com.ar\/temas\/la-campora\" rel=\"836\">La C\u00e1mpora<\/a><\/strong>\u00a0que encabeza la senadora\u00a0<strong><a class=\"agrupador\" href=\"https:\/\/www.losandes.com.ar\/temas\/anabel-fernandez-sagasti\" rel=\"787\">Anabel Fern\u00e1ndez Sagasti<\/a><\/strong>, el peronismo acord\u00f3 una\u00a0<strong>lista unificada\u00a0<\/strong>de candidatos a diputados nacionales para el frente<strong>\u00a0\u00abFuerza Patria Mendoza\u00bb.<\/strong><\/p>\n<article class=\"article-body article-body--second-paragraph\">No hubo sorpresas en los nombres de la lista final para el Congreso, que encabezar\u00e1 el propio F\u00e9lix, ya que el\u00a0<strong>kirchnerismo<\/strong>\u00a0se qued\u00f3 con el segundo lugar y lo ocupar\u00e1 la abogada\u00a0<strong>Marisa Uceda<\/strong>, qui\u00e9n ya supo ser diputada nacional entre 2019 y 2023. Era la candidata que sonaba desde el inicio de las discusiones.<\/article>\n<article class=\"article-body article-body--third-paragraph\">En tercer t\u00e9rmino se mantendr\u00e1 el intendente de Maip\u00fa,\u00a0<strong>Mat\u00edas Stevanato;<\/strong>\u00a0en cuarto aparece la jefa comunal de Santa Rosa,\u00a0<strong>Flor Dest\u00e9fanis;<\/strong>\u00a0y completa la n\u00f3mina en quinto lugar, el intendente de La Paz,\u00a0<strong>Fernando Ubieta.<\/strong><\/article>\n<article class=\"article-body article-body--fourth-paragraph\">\n<article class=\"article-body article-body--fourth-paragraph\">El \u00fanico cambio a la lista preliminar que negociaban ambos sectores fue el reemplazo de Dest\u00e9fanis por la actual diputada nacional\u00a0<strong>Liliana Paponet\u00a0<\/strong>(dirigente sanrafaelina que responde a F\u00e9lix), que se ubicaba en cuarto lugar.<\/article>\n<article class=\"article-body article-body--fifth-paragraph\">La intendenta de Santa Rosa hab\u00eda puesto a disposici\u00f3n su candidatura en segundo t\u00e9rmino para que sea ocupada por un nombre que aportara el sector de Fern\u00e1ndez Sagasti.<\/article>\n<article class=\"article-body article-body--third-paragraph\">Fue la puerta de di\u00e1logo entre ambos sectores, pero luego las negociaciones se trabaron en el orden provincial. Se espera que las listas de candidatos a la Legislatura tambi\u00e9n conozcan la luz este s\u00e1bado.En tanto, como candidatos suplentes al Congreso aparecen Anal\u00eda Rodr\u00edguez, Franco Bordano y Dalila Piccato. Son dirigentes oriundos de Capital, Maip\u00fa y San Mart\u00edn, respectivamente.<\/p>\n<p>La lista fue oficializada a las 23.45 de este viernes, en la \u00faltima pr\u00f3rroga que hab\u00eda establecido el\u00a0<a class=\"agrupador\" href=\"https:\/\/www.losandes.com.ar\/temas\/peronismo\" rel=\"789\">peronismo<\/a>\u00a0para la presentaci\u00f3n de listas, seg\u00fan establece la Resoluci\u00f3n 74\/2025.<\/p>\n<p>El Frente Fuerza Patria Mendoza est\u00e1 integrado tambi\u00e9n por el Partido Intransigente (PI) y el Movimiento Proyecto Sur.<\/p>\n<\/article>\n<\/article>\n","protected":false},"excerpt":{"rendered":"<p>El PJ Mendoza anunci\u00f3 que lleg\u00f3 a la unidad, despu\u00e9s de semanas de negociaci\u00f3n entre los intendentes y La C\u00e1mpora. Despu\u00e9s &#8230;<\/p>\n","protected":false},"author":7,"featured_media":151184,"comment_status":"open","ping_status":"open","sticky":false,"template":"","format":"standard","meta":{"footnotes":""},"categories":[5,7],"tags":[],"class_list":["post-151183","post","type-post","status-publish","format-standard","has-post-thumbnail","hentry","category-actualidad","category-politica"],"_links":{"self":[{"href":"https:\/\/vinasfm.com\/noticias\/wp-json\/wp\/v2\/posts\/151183","targetHints":{"allow":["GET"]}}],"collection":[{"href":"https:\/\/vinasfm.com\/noticias\/wp-json\/wp\/v2\/posts"}],"about":[{"href":"https:\/\/vinasfm.com\/noticias\/wp-json\/wp\/v2\/types\/post"}],"author":[{"embeddable":true,"href":"https:\/\/vinasfm.com\/noticias\/wp-json\/wp\/v2\/users\/7"}],"replies":[{"embeddable":true,"href":"https:\/\/vinasfm.com\/noticias\/wp-json\/wp\/v2\/comments?post=151183"}],"version-history":[{"count":2,"href":"https:\/\/vinasfm.com\/noticias\/wp-json\/wp\/v2\/posts\/151183\/revisions"}],"predecessor-version":[{"id":151259,"href":"https:\/\/vinasfm.com\/noticias\/wp-json\/wp\/v2\/posts\/151183\/revisions\/151259"}],"wp:featuredmedia":[{"embeddable":true,"href":"https:\/\/vinasfm.com\/noticias\/wp-json\/wp\/v2\/media\/151184"}],"wp:attachment":[{"href":"https:\/\/vinasfm.com\/noticias\/wp-json\/wp\/v2\/media?parent=151183"}],"wp:term":[{"taxonomy":"category","embeddable":true,"href":"https:\/\/vinasfm.com\/noticias\/wp-json\/wp\/v2\/categories?post=151183"},{"taxonomy":"post_tag","embeddable":true,"href":"https:\/\/vinasfm.com\/noticias\/wp-json\/wp\/v2\/tags?post=151183"}],"curies":[{"name":"wp","href":"https:\/\/api.w.org\/{rel}","templated":true}]}}