{"id":151172,"date":"2025-07-26T11:10:13","date_gmt":"2025-07-26T14:10:13","guid":{"rendered":"https:\/\/vinasfm.com\/noticias\/?p=151172"},"modified":"2025-07-28T21:03:17","modified_gmt":"2025-07-29T00:03:17","slug":"operadores-turisticos-calcularon-el-60-de-ocupacion-hotelera-en-el-recambio-de-las-vacaciones-de-invierno","status":"publish","type":"post","link":"https:\/\/vinasfm.com\/noticias\/operadores-turisticos-calcularon-el-60-de-ocupacion-hotelera-en-el-recambio-de-las-vacaciones-de-invierno\/","title":{"rendered":"OPERADORES TUR\u00cdSTICOS CALCULARON EL 60% DE OCUPACI\u00d3N HOTELERA EN EL RECAMBIO DE LAS VACACIONES DE INVIERNO"},"content":{"rendered":"<div class=\"xdj266r x14z9mp xat24cr x1lziwak x1vvkbs x126k92a\">\n<h4 dir=\"auto\"><span style=\"color: #003300;\"><strong>La C\u00e1mara de Turismo de Mendoza asegur\u00f3 que los n\u00fameros de la ocupaci\u00f3n hotelera mejoraron pero no llegan a ser como los de prepandemia.<\/strong><\/span><\/h4>\n<article class=\"article-body first\">\n<div class=\"article-content\">\n<div class=\"cuerpo\" data-twitter-link=\"\">\n<p>Empresarios de\u00a0<strong>turismo<\/strong>\u00a0receptivo dieron a conocer los datos de la ocupaci\u00f3n hotelera en la primera semana del recambio tur\u00edstico, en el que llegaron visitantes provenientes de las provincias que est\u00e1n en vacaciones de invierno, como los oriundos de Buenos Aires.<\/p>\n<\/div>\n<\/div>\n<\/article>\n<article class=\"article-body\">\n<div class=\"article-content\">\n<div class=\"cuerpo\" data-twitter-link=\"\">\n<p>El presidente de la C\u00e1mara de Turismo,\u00a0<strong>Ricardo Beccaceci<\/strong>, reconoci\u00f3 que hubo una\u00a0<strong>mejora<\/strong>\u00a0en la llegada de visitantes y la<strong>\u00a0ocupaci\u00f3n hotelera\u00a0<\/strong>ronda en el\u00a0<strong>60%\u00a0<\/strong>en promedio.<\/p>\n<p>Beccaceci compar\u00f3 el movimiento de\u00a0<strong>turistas\u00a0<\/strong>que eligen Mendoza con las dos semanas previas al receso escolar y acept\u00f3 que los n\u00fameros\u00a0<strong>son mejores<\/strong>, pero no como en a\u00f1os anteriores con 80% y hasta 90% de las plazas tomadas por los turistas.<\/p>\n<p><img loading=\"lazy\" decoding=\"async\" class=\"aligncenter\" src=\"https:\/\/media.diariouno.com.ar\/p\/ceddec8dbd4fe402613f159d0c3beba6\/adjuntos\/298\/imagenes\/009\/036\/0009036215\/1200x0\/smart\/pronostico-del-tiempo-mendoza-turismo-covid-mendoza-5jpeg.jpeg\" alt=\"Esta semana los datos de ocupaci\u00f3n hotelera mejoraron por los visitantes que provienen de Buenos Aires.\" width=\"672\" height=\"378\" \/><\/p>\n<h2>Por el d\u00f3lar, muchos optaron por viajar al exterior en vacaciones de invierno<\/h2>\n<p><em><strong>\u00abLos n\u00fameros son promedios. Hay lugares en los que tienen una mayor\u00a0ocupaci\u00f3n. Pero la tendencia es que el\u00a0turista\u00a0se quede en el Gran Mendoza y recorra los lugares t\u00edpicos. Hay otro sector que se aloja directamente donde puede disfrutar de la nieve\u00bb<\/strong><\/em>, destac\u00f3 en relaci\u00f3n a los que eligen Malarg\u00fce.<\/p>\n<p>Beccaceci analiz\u00f3 que el sostenimiento del precio del\u00a0<strong>d\u00f3lar\u00a0<\/strong>hace que quienes puedan viajar al exterior lo hagan, eligiendo esa oferta por encima de los destinos locales. Por esa raz\u00f3n el turismo atraviesa un momento\u00a0<strong>cr\u00edtico.<\/strong><\/p>\n<p><em><strong>\u00abSi comparamos este momento con semanas previas a las vacaciones de invierno en Mendoza, estamos un poquito mejor. Esperemos que podamos mejorar estos \u00edndices\u00bb<\/strong><\/em>, dese\u00f3.<\/p>\n<p>Ente Turismo Mendoza (Emetur) sobre la ocupaci\u00f3n hotelera en vacaciones de invierno e informaron que se dar\u00e1n a conocer las cifras en las primeras semanas de agosto.<\/p>\n<h2>Expectativas de mejorar la temporada de invierno con la nieve<\/h2>\n<p>Los operadores, empresarios, hoteleros y los diferentes actores de una de las principales industrias de Mendoza se mostraron con\u00a0<strong>expectativas<\/strong>\u00a0de que las nevadas anunciadas para este fin de semana atraigan a m\u00e1s turistas. De hecho,\u00a0ya cerraron el Paso Pehuenche por este fen\u00f3meno meteorol\u00f3gico.<\/p>\n<p><em><strong>\u00abTodav\u00eda nos queda una semana. Hay un perfil que va directo a los centros de nieve, mientras que otro, elige el norte de la provincia\u00bb<\/strong><\/em>, dijo otra fuente consultada.<\/p>\n<p>En julio, el\u00a0<strong>gasto<\/strong>\u00a0promedio por persona y por d\u00eda ronda en los\u00a0<strong>$80 mil\u00a0<\/strong>y la estad\u00eda es de entre 4 a 5 d\u00edas.<\/p>\n<h6>Diario UNO.<\/h6>\n<\/div>\n<\/div>\n<\/article>\n<\/div>\n","protected":false},"excerpt":{"rendered":"<p>La C\u00e1mara de Turismo de Mendoza asegur\u00f3 que los n\u00fameros de la ocupaci\u00f3n hotelera mejoraron pero no llegan a ser como &#8230;<\/p>\n","protected":false},"author":7,"featured_media":151173,"comment_status":"open","ping_status":"open","sticky":false,"template":"","format":"standard","meta":{"footnotes":""},"categories":[5,21],"tags":[],"class_list":["post-151172","post","type-post","status-publish","format-standard","has-post-thumbnail","hentry","category-actualidad","category-turismo-2"],"_links":{"self":[{"href":"https:\/\/vinasfm.com\/noticias\/wp-json\/wp\/v2\/posts\/151172","targetHints":{"allow":["GET"]}}],"collection":[{"href":"https:\/\/vinasfm.com\/noticias\/wp-json\/wp\/v2\/posts"}],"about":[{"href":"https:\/\/vinasfm.com\/noticias\/wp-json\/wp\/v2\/types\/post"}],"author":[{"embeddable":true,"href":"https:\/\/vinasfm.com\/noticias\/wp-json\/wp\/v2\/users\/7"}],"replies":[{"embeddable":true,"href":"https:\/\/vinasfm.com\/noticias\/wp-json\/wp\/v2\/comments?post=151172"}],"version-history":[{"count":2,"href":"https:\/\/vinasfm.com\/noticias\/wp-json\/wp\/v2\/posts\/151172\/revisions"}],"predecessor-version":[{"id":151175,"href":"https:\/\/vinasfm.com\/noticias\/wp-json\/wp\/v2\/posts\/151172\/revisions\/151175"}],"wp:featuredmedia":[{"embeddable":true,"href":"https:\/\/vinasfm.com\/noticias\/wp-json\/wp\/v2\/media\/151173"}],"wp:attachment":[{"href":"https:\/\/vinasfm.com\/noticias\/wp-json\/wp\/v2\/media?parent=151172"}],"wp:term":[{"taxonomy":"category","embeddable":true,"href":"https:\/\/vinasfm.com\/noticias\/wp-json\/wp\/v2\/categories?post=151172"},{"taxonomy":"post_tag","embeddable":true,"href":"https:\/\/vinasfm.com\/noticias\/wp-json\/wp\/v2\/tags?post=151172"}],"curies":[{"name":"wp","href":"https:\/\/api.w.org\/{rel}","templated":true}]}}