{"id":151169,"date":"2025-07-26T10:44:01","date_gmt":"2025-07-26T13:44:01","guid":{"rendered":"https:\/\/vinasfm.com\/noticias\/?p=151169"},"modified":"2025-07-28T21:03:35","modified_gmt":"2025-07-29T00:03:35","slug":"gente-comun-con-una-vocacion-extraordinaria","status":"publish","type":"post","link":"https:\/\/vinasfm.com\/noticias\/gente-comun-con-una-vocacion-extraordinaria\/","title":{"rendered":"GENTE COM\u00daN CON UNA VOCACI\u00d3N EXTRAORDINARIA"},"content":{"rendered":"<h4><span style=\"color: #003300;\"><strong>Una nueva camada de j\u00f3venes polic\u00edas comenz\u00f3 su carrera en Mendoza. Tienen veinte a\u00f1os, ideas propias y una decisi\u00f3n clara: estar donde m\u00e1s se los necesita.<\/strong><\/span><\/h4>\n<p>No tienen discursos preparados. Apenas cruzan algunas palabras t\u00edmidas cuando alguien les pregunta por qu\u00e9 eligieron ser polic\u00edas. Pero en sus gestos \u2014firmes, atentos, decididos\u2014 se adivina algo m\u00e1s profundo: eligieron estar ah\u00ed por convicci\u00f3n. Porque quieren tener un oficio. Porque saben que hacer bien este trabajo puede cambiarle la vida a otro.<\/p>\n<p>Este mes, 344 nuevos agentes ingresaron formalmente a la <strong>Polic\u00eda de Mendoza<\/strong>. La mayor\u00eda tiene poco m\u00e1s de veinte a\u00f1os. Algunos vienen de familias policiales. Otros, como una de las j\u00f3venes agentes, combinaron estudio con crianza: <em><strong>\u201cTard\u00e9 un a\u00f1o m\u00e1s porque fui mam\u00e1. Pero no me rend\u00ed. Hoy estoy ac\u00e1, con el escudo en el brazo y el orgullo entero\u201d.<\/strong><\/em><\/p>\n<p>Para muchos, el uniforme representa continuidad. Para otros, una segunda oportunidad.<em><strong> \u201cEstuve en el Ej\u00e9rcito. Esto fue una posibilidad de seguir en servicio, ahora desde otro lugar, con otras herramientas\u201d<\/strong><\/em>, explic\u00f3 uno de los egresados, mientras terminaba de acomodar el cintur\u00f3n t\u00e1ctico. Otro, apenas mayor de edad, agreg\u00f3: <em><strong>\u201cLo so\u00f1\u00e9 desde chico. Lo vi en casa, y siempre supe que quer\u00eda esto. Ser \u00fatil\u201d.<\/strong><\/em><\/p>\n<p><img loading=\"lazy\" decoding=\"async\" class=\"aligncenter\" src=\"https:\/\/www.mendoza.gov.ar\/wp-content\/uploads\/sites\/5\/2025\/07\/MG_7224.jpg\" width=\"612\" height=\"408\" \/><\/p>\n<h2><strong>Una presencia concreta en cada rinc\u00f3n de la provincia<\/strong><\/h2>\n<p>A partir de este mes, cada uno de estos agentes ser\u00e1 destinado a distintas comisar\u00edas, unidades m\u00f3viles o cuerpos especiales en los dieciocho departamentos de Mendoza. Es el comienzo de un trabajo que exige cuerpo, cabeza y empat\u00eda. Y tambi\u00e9n tiempo: muchos de ellos reci\u00e9n ahora pisan la calle, con la formaci\u00f3n b\u00e1sica completa y el acompa\u00f1amiento de sus superiores.<\/p>\n<p><em><strong>\u201cEsto que tenemos, el chaleco, el arma, el escudo\u2026 es m\u00e1s que equipamiento. Te da respaldo, te permite actuar con confianza\u201d<\/strong><\/em>, dicen. No hablan en esl\u00f3ganes ni frases hechas. Se nota que est\u00e1n reci\u00e9n salidos del aula y que ahora toca aprender con los pies en el asfalto, las manos listas y los ojos abiertos.<\/p>\n<p>En paralelo, el Gobierno provincial implementa una beca que busca garantizar la permanencia de quienes se forman en seguridad y servicio penitenciario. <strong>Desde noviembre de 2024, el monto asciende a $200.000, con una actualizaci\u00f3n prevista a $350.000. La ayuda cubre transporte, materiales, refrigerios y herramientas de cursado.<\/strong> La medida tiene una finalidad clara: que la vocaci\u00f3n no quede a mitad de camino por falta de recursos.<\/p>\n<p><img loading=\"lazy\" decoding=\"async\" class=\"\" src=\"https:\/\/www.mendoza.gov.ar\/wp-content\/uploads\/sites\/5\/2025\/07\/DSC_0431-1.jpg\" width=\"347\" height=\"231\" \/> <img loading=\"lazy\" decoding=\"async\" class=\"\" src=\"https:\/\/www.mendoza.gov.ar\/wp-content\/uploads\/sites\/5\/2025\/07\/DSC_0387-1536x1024-1.jpg\" width=\"350\" height=\"234\" \/><\/p>\n<h2><strong>Frases que se llevan como parte del equipo<\/strong><\/h2>\n<p>Cuando pasen los a\u00f1os, y vuelvan a ver esas fotos de la ceremonia, quiz\u00e1s tambi\u00e9n recuerden lo que dijo Mercedes Rus. <strong>No ser\u00e1 por la cantidad de datos, ni por la enumeraci\u00f3n de equipos o estad\u00edsticas. Ser\u00e1 por algo m\u00e1s simple: les habl\u00f3 directamente a ellos.<\/strong><\/p>\n<p>Una madre, entre el p\u00fablico, asinti\u00f3 en silencio cuando la ministra dijo que ser polic\u00eda no es una tarea de turnos ni de feriados. Que abarca todo el calendario. Que exige cuerpo, decisi\u00f3n y continuidad. Una frase, quiz\u00e1s, los marc\u00f3 m\u00e1s que otras: <em><strong>\u201cHoy ustedes se hacen copart\u00edcipes de las posibilidades de convivencia y desarrollo de la provincia\u201d<\/strong><\/em>. Algunos no la hab\u00edan o\u00eddo nunca. Otros la sintieron propia.<\/p>\n<p>Cuando Rus habl\u00f3 del honor de portar un uniforme que no promete descanso sino presencia, m\u00e1s de uno pens\u00f3 en su casa. En esas tardes en las que su padre sal\u00eda sin importar la fecha, o en la sonrisa tensa de su madre, que le dec\u00eda:<em><strong> \u201cAcostumbrate, esto no se corta nunca\u201d<\/strong><\/em>. Cuando la ministra record\u00f3 que \u201ceste oficio no se interrumpe por feriados\u201d, alguien apret\u00f3 los labios. Otro baj\u00f3 la vista y acomod\u00f3 el escudo. No eran frases nuevas para ellos. Eran las mismas palabras que hab\u00edan escuchado en la cocina de su casa durante a\u00f1os.<\/p>\n<p>Al final, cuando bajaron del escenario y cruzaron entre la gente, algunos se acercaron a Mercedes Rus. Le agradecieron el discurso, le pidieron una foto.<strong> No fue por protocolo. Fue porque algo de lo que ella dijo les hizo sentir que estaban entrando a algo real, no simb\u00f3lico. Que no era solo un acto. Que era el principio de una forma de estar en el mundo.<\/strong><\/p>\n","protected":false},"excerpt":{"rendered":"<p>Una nueva camada de j\u00f3venes polic\u00edas comenz\u00f3 su carrera en Mendoza. Tienen veinte a\u00f1os, ideas propias y una decisi\u00f3n clara: estar &#8230;<\/p>\n","protected":false},"author":7,"featured_media":151170,"comment_status":"open","ping_status":"open","sticky":false,"template":"","format":"standard","meta":{"footnotes":""},"categories":[5,10],"tags":[],"class_list":["post-151169","post","type-post","status-publish","format-standard","has-post-thumbnail","hentry","category-actualidad","category-destacadas"],"_links":{"self":[{"href":"https:\/\/vinasfm.com\/noticias\/wp-json\/wp\/v2\/posts\/151169","targetHints":{"allow":["GET"]}}],"collection":[{"href":"https:\/\/vinasfm.com\/noticias\/wp-json\/wp\/v2\/posts"}],"about":[{"href":"https:\/\/vinasfm.com\/noticias\/wp-json\/wp\/v2\/types\/post"}],"author":[{"embeddable":true,"href":"https:\/\/vinasfm.com\/noticias\/wp-json\/wp\/v2\/users\/7"}],"replies":[{"embeddable":true,"href":"https:\/\/vinasfm.com\/noticias\/wp-json\/wp\/v2\/comments?post=151169"}],"version-history":[{"count":1,"href":"https:\/\/vinasfm.com\/noticias\/wp-json\/wp\/v2\/posts\/151169\/revisions"}],"predecessor-version":[{"id":151171,"href":"https:\/\/vinasfm.com\/noticias\/wp-json\/wp\/v2\/posts\/151169\/revisions\/151171"}],"wp:featuredmedia":[{"embeddable":true,"href":"https:\/\/vinasfm.com\/noticias\/wp-json\/wp\/v2\/media\/151170"}],"wp:attachment":[{"href":"https:\/\/vinasfm.com\/noticias\/wp-json\/wp\/v2\/media?parent=151169"}],"wp:term":[{"taxonomy":"category","embeddable":true,"href":"https:\/\/vinasfm.com\/noticias\/wp-json\/wp\/v2\/categories?post=151169"},{"taxonomy":"post_tag","embeddable":true,"href":"https:\/\/vinasfm.com\/noticias\/wp-json\/wp\/v2\/tags?post=151169"}],"curies":[{"name":"wp","href":"https:\/\/api.w.org\/{rel}","templated":true}]}}