{"id":151148,"date":"2025-07-25T10:14:29","date_gmt":"2025-07-25T13:14:29","guid":{"rendered":"https:\/\/vinasfm.com\/noticias\/?p=151148"},"modified":"2025-07-26T20:11:23","modified_gmt":"2025-07-26T23:11:23","slug":"roxana-escudero-impulsa-una-ley-de-desconexion-digital-docente","status":"publish","type":"post","link":"https:\/\/vinasfm.com\/noticias\/roxana-escudero-impulsa-una-ley-de-desconexion-digital-docente\/","title":{"rendered":"ROXANA ESCUDERO IMPULSA UNA LEY DE \u00abDESCONEXI\u00d3N DIGITAL\u00bb DOCENTE\u00a0"},"content":{"rendered":"<p><span style=\"color: #003300;\"><strong>En di\u00e1logo con FM VI\u00d1AS, la diputada provincial Roxana Escudero (PJ) abord\u00f3 la presentaci\u00f3n de un proyecto de ley que busca garantizar la desconexi\u00f3n digital de los docentes fuera del horario laboral.<\/strong><\/span><\/p>\n<p>Escudero explic\u00f3 que el proyecto de ley fue presentado en los primeros d\u00edas de julio y se encuentra a la espera de tomar estado parlamentario. El objetivo principal es proteger el tiempo de descanso de los docentes una vez finalizada su jornada laboral. <strong><em>\u201cHemos charlado con muchos docentes y ellos nos planteaban esta problem\u00e1tica actual que creo que la tienen todos: la desconexi\u00f3n digital despu\u00e9s del horario laboral. Ellos tambi\u00e9n tienen derecho a su vida familiar y a su privacidad, tal como lo garantiza la Constituci\u00f3n Nacional\u201d<\/em><\/strong>, afirm\u00f3.<\/p>\n<p>La propuesta establece que, a partir de las 13:00 horas para el turno ma\u00f1ana y de las 18:00 horas para el turno tarde, los docentes no estar\u00edan obligados a responder mensajes, llamadas o consultas por redes sociales vinculadas al \u00e1mbito escolar. <em><strong>\u201cLos padres deben asistir al colegio en el horario correspondiente. No puede ser que se les escriba a los docentes a las 10 de la noche por WhatsApp porque el hijo no copi\u00f3 la tarea\u201d<\/strong><\/em>, expres\u00f3.<\/p>\n<p><strong><span style=\"color: #003366;\">Escudero<\/span><\/strong> remarc\u00f3 que esta iniciativa <strong>busca visibilizar la sobrecarga laboral que enfrentan los docentes<\/strong>, quienes muchas veces <strong>deben usar recursos propios para tareas escolares<\/strong> como impresiones, planificaci\u00f3n y correcci\u00f3n de trabajos, sin recibir remuneraci\u00f3n adicional por ello.<\/p>\n<p>Asimismo, aclar\u00f3 que la desconexi\u00f3n digital est\u00e1 pensada exclusivamente para los docentes, excluyendo a directivos y personal administrativo, y contempla excepciones en casos de emergencias, como problemas clim\u00e1ticos o de infraestructura escolar.<\/p>\n<h2>LA INTERNA DEL PJ<\/h2>\n<p>Por otro lado, Escudero no ocult\u00f3 su malestar por la situaci\u00f3n interna del Partido Justicialista. <strong><em>\u201cEstoy muy preocupada porque no hubo consenso como se dec\u00eda al principio. Pens\u00e9 que \u00edbamos a estar m\u00e1s unidos, pero no es as\u00ed. Los militantes est\u00e1n enojados, no se acercan al partido y eso es responsabilidad de todos, incluida yo\u201d<\/em><\/strong>, se\u00f1al\u00f3.<\/p>\n<p>Critic\u00f3 la falta de convocatoria a las reuniones del PJ, tanto en General Alvear como en Mendoza, y expres\u00f3 su descontento por no haber sido consultada ni convocada, pese a su rol como diputada provincial. <strong><em>\u201cDeber\u00eda haber sido convocada, al igual que mi marido (Claudio Vazquez), quien fue ganador de la interna\u201d<\/em><\/strong>, sostuvo.<\/p>\n<p>Finalmente, la legisladora mendocina hizo un llamado a la reflexi\u00f3n y al trabajo conjunto, tanto en el \u00e1mbito pol\u00edtico como en el educativo: <strong><em>\u201cNecesitamos m\u00e1s empat\u00eda con los docentes y m\u00e1s unidad dentro del partido. Nos falta mucho camino por recorrer en ambos sentidos\u201d.<\/em><\/strong><\/p>\n","protected":false},"excerpt":{"rendered":"<p>En di\u00e1logo con FM VI\u00d1AS, la diputada provincial Roxana Escudero (PJ) abord\u00f3 la presentaci\u00f3n de un proyecto de ley que busca &#8230;<\/p>\n","protected":false},"author":7,"featured_media":151151,"comment_status":"open","ping_status":"open","sticky":false,"template":"","format":"standard","meta":{"footnotes":""},"categories":[5,7],"tags":[],"class_list":["post-151148","post","type-post","status-publish","format-standard","has-post-thumbnail","hentry","category-actualidad","category-politica"],"_links":{"self":[{"href":"https:\/\/vinasfm.com\/noticias\/wp-json\/wp\/v2\/posts\/151148","targetHints":{"allow":["GET"]}}],"collection":[{"href":"https:\/\/vinasfm.com\/noticias\/wp-json\/wp\/v2\/posts"}],"about":[{"href":"https:\/\/vinasfm.com\/noticias\/wp-json\/wp\/v2\/types\/post"}],"author":[{"embeddable":true,"href":"https:\/\/vinasfm.com\/noticias\/wp-json\/wp\/v2\/users\/7"}],"replies":[{"embeddable":true,"href":"https:\/\/vinasfm.com\/noticias\/wp-json\/wp\/v2\/comments?post=151148"}],"version-history":[{"count":2,"href":"https:\/\/vinasfm.com\/noticias\/wp-json\/wp\/v2\/posts\/151148\/revisions"}],"predecessor-version":[{"id":151152,"href":"https:\/\/vinasfm.com\/noticias\/wp-json\/wp\/v2\/posts\/151148\/revisions\/151152"}],"wp:featuredmedia":[{"embeddable":true,"href":"https:\/\/vinasfm.com\/noticias\/wp-json\/wp\/v2\/media\/151151"}],"wp:attachment":[{"href":"https:\/\/vinasfm.com\/noticias\/wp-json\/wp\/v2\/media?parent=151148"}],"wp:term":[{"taxonomy":"category","embeddable":true,"href":"https:\/\/vinasfm.com\/noticias\/wp-json\/wp\/v2\/categories?post=151148"},{"taxonomy":"post_tag","embeddable":true,"href":"https:\/\/vinasfm.com\/noticias\/wp-json\/wp\/v2\/tags?post=151148"}],"curies":[{"name":"wp","href":"https:\/\/api.w.org\/{rel}","templated":true}]}}