{"id":151116,"date":"2025-07-24T08:50:57","date_gmt":"2025-07-24T11:50:57","guid":{"rendered":"https:\/\/vinasfm.com\/noticias\/?p=151116"},"modified":"2025-07-25T11:27:39","modified_gmt":"2025-07-25T14:27:39","slug":"copa-pais-san-rafael-y-general-alvear-no-se-jugo-por-falta-de-efectivos-policiales","status":"publish","type":"post","link":"https:\/\/vinasfm.com\/noticias\/copa-pais-san-rafael-y-general-alvear-no-se-jugo-por-falta-de-efectivos-policiales\/","title":{"rendered":"COPA PA\u00cdS: SAN RAFAEL Y GENERAL ALVEAR NO SE JUG\u00d3 POR FALTA DE EFECTIVOS POLICIALES"},"content":{"rendered":"<h4><strong>Este mi\u00e9rcoles se ten\u00eda que jugar el partido de ida entre San Rafael y General correspondiente a la Etapa Clasificatoria de la Copa Pa\u00eds, sin embargo, el duelo organizado por el Consejo Federal del F\u00fatbol Argentino dentro de la Regi\u00f3n Cuyo no se jug\u00f3 por decisi\u00f3n del \u00e1rbitro partido Rodrigo Cabrera que decidi\u00f3 no comenzarlo porque no hab\u00eda efectivos policiales.<\/strong><\/h4>\n<p>Cuando los jugadores de San Rafael hab\u00edan ingresado al estadio \u201cPretel Hermanos\u201d, la terna arbitral encabezada por Rodrigo Cabrera, Fabricio Cruzate y Luis D\u2019agata vieron la situaci\u00f3n que solamente hab\u00eda seguridad privada entonces le avisaron la situaci\u00f3n a los dirigentes de la Liga Sanrafaelina encabezada por el presidente Diego Mart\u00edn y el vicepresidente Nadir Yasuff explic\u00e1ndole que sin efectivos policiales no se pod\u00eda comenzar el partido.<\/p>\n<p>Cabrera nos coment\u00f3 los motivos de la suspensi\u00f3n:<em><strong> \u201cEst\u00e1 estipulado por reglamento que el encuentro se tiene que jugar si o si con efectivos policiales, el reglamento es el mismo y esta Copa Pa\u00eds ya se viene jugando hace tiempo, estaba hace meses entonces lo ten\u00edan que tener en claro de antemano. La tolerancia fue m\u00e1s de lo que se tiene que esperar, aproximadamente m\u00e1s de 45 minutos (15.45) y me avisaron que la polic\u00eda no iba a llegar, entonces qued\u00f3 en car\u00e1cter de suspendido\u201d<\/strong><\/em>.<\/p>\n<p><em><strong>\u201cAhora de mi parte elevo el informe y la decisi\u00f3n la tomar\u00e1 el Consejo Federal del F\u00fatbol Argentino\u201d<\/strong><\/em>, finaliz\u00f3.<\/p>\n<p>El punto del reglamento que se apoy\u00f3 el \u00e1rbitro Rodrigo Cabrera es el siguiente: responsabilidad de la liga local: la organizaci\u00f3n de todo lo inherente al partido es responsable de la Liga que act\u00faa de local, entre, las cuales encuentran las siguientes: a) la contrataci\u00f3n del servicio policial suficiente para mantener el orden y la seguridad tanto en las inmediaciones como en los accesos y dentro del estadio, dentro del campo de juego, en la zona de vestuarios, en las boleter\u00edas, en la sala de recaudaci\u00f3n, etc\u201d.<\/p>\n<p>Una verdadera desprolijidad de parte de la Liga Sanrafaelina y Liga Alvearense que se hab\u00edan puesto en com\u00fan acuerdo en jugar este partido con seguridad privada, sin embargo, esto no est\u00e1 permitido en encuentros organizado por el Consejo Federal, vale se\u00f1alar que el resto de los partidos de la Copa Pa\u00eds en la Regi\u00f3n Cuyo se jugaron con polic\u00eda.<\/p>\n<p>Ahora se deber\u00e1 la resoluci\u00f3n de este partido y ver si se reprograma o se le da el partido ganado al seleccionado alvearense. Recordemos que la revancha est\u00e1 pactada para el mi\u00e9rcoles 30 de julio en cancha de Pac\u00edfico.<\/p>\n<h6><span style=\"color: #ff0000;\">Fuente: Diario San Rafael<\/span><\/h6>\n<p>&nbsp;<\/p>\n","protected":false},"excerpt":{"rendered":"<p>Este mi\u00e9rcoles se ten\u00eda que jugar el partido de ida entre San Rafael y General correspondiente a la Etapa Clasificatoria de &#8230;<\/p>\n","protected":false},"author":7,"featured_media":151117,"comment_status":"open","ping_status":"open","sticky":false,"template":"","format":"standard","meta":{"footnotes":""},"categories":[3,11],"tags":[],"class_list":["post-151116","post","type-post","status-publish","format-standard","has-post-thumbnail","hentry","category-deportes","category-sociales"],"_links":{"self":[{"href":"https:\/\/vinasfm.com\/noticias\/wp-json\/wp\/v2\/posts\/151116","targetHints":{"allow":["GET"]}}],"collection":[{"href":"https:\/\/vinasfm.com\/noticias\/wp-json\/wp\/v2\/posts"}],"about":[{"href":"https:\/\/vinasfm.com\/noticias\/wp-json\/wp\/v2\/types\/post"}],"author":[{"embeddable":true,"href":"https:\/\/vinasfm.com\/noticias\/wp-json\/wp\/v2\/users\/7"}],"replies":[{"embeddable":true,"href":"https:\/\/vinasfm.com\/noticias\/wp-json\/wp\/v2\/comments?post=151116"}],"version-history":[{"count":1,"href":"https:\/\/vinasfm.com\/noticias\/wp-json\/wp\/v2\/posts\/151116\/revisions"}],"predecessor-version":[{"id":151118,"href":"https:\/\/vinasfm.com\/noticias\/wp-json\/wp\/v2\/posts\/151116\/revisions\/151118"}],"wp:featuredmedia":[{"embeddable":true,"href":"https:\/\/vinasfm.com\/noticias\/wp-json\/wp\/v2\/media\/151117"}],"wp:attachment":[{"href":"https:\/\/vinasfm.com\/noticias\/wp-json\/wp\/v2\/media?parent=151116"}],"wp:term":[{"taxonomy":"category","embeddable":true,"href":"https:\/\/vinasfm.com\/noticias\/wp-json\/wp\/v2\/categories?post=151116"},{"taxonomy":"post_tag","embeddable":true,"href":"https:\/\/vinasfm.com\/noticias\/wp-json\/wp\/v2\/tags?post=151116"}],"curies":[{"name":"wp","href":"https:\/\/api.w.org\/{rel}","templated":true}]}}