{"id":151103,"date":"2025-07-23T12:01:04","date_gmt":"2025-07-23T15:01:04","guid":{"rendered":"https:\/\/vinasfm.com\/noticias\/?p=151103"},"modified":"2025-07-24T10:24:37","modified_gmt":"2025-07-24T13:24:37","slug":"gisela-gonzalez-una-vecina-que-convirtio-su-hogar-en-un-refugio-para-los-chicos-del-barrio-san-miguel-arcangel","status":"publish","type":"post","link":"https:\/\/vinasfm.com\/noticias\/gisela-gonzalez-una-vecina-que-convirtio-su-hogar-en-un-refugio-para-los-chicos-del-barrio-san-miguel-arcangel\/","title":{"rendered":"GISELA GONZ\u00c1LEZ, UNA VECINA QUE CONVIRTI\u00d3 SU HOGAR EN UN REFUGIO PARA LOS CHICOS DEL BARRIO SAN MIGUEL ARC\u00c1NGEL"},"content":{"rendered":"<h4><strong><span style=\"color: #003300;\">En uno de los rincones m\u00e1s vulnerables de General Alvear, una mujer decidi\u00f3 transformar su casa en un espacio de contenci\u00f3n. Se trata de Gisela Gonz\u00e1lez, vecina del barrio San Miguel Arc\u00e1ngel y referente barrial, quien desde hace siete meses lleva adelante el merendero Nuestro Hogar, donde cada tarde se reparten meriendas para m\u00e1s de 40 ni\u00f1os.<\/span><\/strong><\/h4>\n<p><em><strong>\u201cHace seis a\u00f1os que vivo ac\u00e1. Es una zona con muchas familias, muchos chicos\u2026 y tambi\u00e9n con mucha necesidad\u201d<\/strong><\/em>, explica Gisela con la claridad de quien conoce cada rinc\u00f3n del barrio y sus urgencias. Su rol como referente vecinal no es meramente formal: <strong>es una tarea cotidiana y tangible que se concreta en acciones, no en discursos.<\/strong><\/p>\n<p>El merendero Nuestro Hogar naci\u00f3 como un sue\u00f1o personal, pero tom\u00f3 forma con el respaldo de la <strong>Direcci\u00f3n de Contingencias Sociales del Municipio<\/strong>, a cargo de <span style=\"color: #003366;\">Carlos Aguas<\/span>. <em><strong>\u201cEl intendente Alejandro \u2018Jany\u2019 Molero me dio la oportunidad de poder tenerlo ac\u00e1, en mi casa.\u201d<\/strong><\/em><\/p>\n<p>Durante el receso invernal, <span style=\"color: #003366;\"><strong>Gisela<\/strong><\/span> no baja la intensidad: reparte la leche todos los d\u00edas, embotellada, junto a una tortita, para que ning\u00fan ni\u00f1o se quede sin su merienda.<\/p>\n<p>Los chicos llegan desde distintas zonas: del mismo barrio, de La Costa, de La Isla. <em><strong>\u201cY no se les puede decir que no, no se puede\u201d<\/strong><\/em>, agrega, con la emoci\u00f3n apenas contenida.<\/p>\n<p><a href=\"https:\/\/vinasfm.com\/noticias\/wp-content\/uploads\/2025\/07\/IMG-20250723-WA0059.jpg\"><img loading=\"lazy\" decoding=\"async\" class=\"alignnone wp-image-151105\" src=\"https:\/\/vinasfm.com\/noticias\/wp-content\/uploads\/2025\/07\/IMG-20250723-WA0059-1024x576.jpg\" alt=\"\" width=\"350\" height=\"197\" srcset=\"https:\/\/vinasfm.com\/noticias\/wp-content\/uploads\/2025\/07\/IMG-20250723-WA0059-1024x576.jpg 1024w, https:\/\/vinasfm.com\/noticias\/wp-content\/uploads\/2025\/07\/IMG-20250723-WA0059-300x169.jpg 300w, https:\/\/vinasfm.com\/noticias\/wp-content\/uploads\/2025\/07\/IMG-20250723-WA0059-768x432.jpg 768w, https:\/\/vinasfm.com\/noticias\/wp-content\/uploads\/2025\/07\/IMG-20250723-WA0059-1536x864.jpg 1536w, https:\/\/vinasfm.com\/noticias\/wp-content\/uploads\/2025\/07\/IMG-20250723-WA0059-750x420.jpg 750w, https:\/\/vinasfm.com\/noticias\/wp-content\/uploads\/2025\/07\/IMG-20250723-WA0059-1140x641.jpg 1140w, https:\/\/vinasfm.com\/noticias\/wp-content\/uploads\/2025\/07\/IMG-20250723-WA0059.jpg 1600w\" sizes=\"auto, (max-width: 350px) 100vw, 350px\" \/><\/a> <a href=\"https:\/\/vinasfm.com\/noticias\/wp-content\/uploads\/2025\/07\/IMG-20250723-WA0053.jpg\"><img loading=\"lazy\" decoding=\"async\" class=\"alignnone wp-image-151104\" src=\"https:\/\/vinasfm.com\/noticias\/wp-content\/uploads\/2025\/07\/IMG-20250723-WA0053-1024x576.jpg\" alt=\"\" width=\"350\" height=\"197\" srcset=\"https:\/\/vinasfm.com\/noticias\/wp-content\/uploads\/2025\/07\/IMG-20250723-WA0053-1024x576.jpg 1024w, https:\/\/vinasfm.com\/noticias\/wp-content\/uploads\/2025\/07\/IMG-20250723-WA0053-300x169.jpg 300w, https:\/\/vinasfm.com\/noticias\/wp-content\/uploads\/2025\/07\/IMG-20250723-WA0053-768x432.jpg 768w, https:\/\/vinasfm.com\/noticias\/wp-content\/uploads\/2025\/07\/IMG-20250723-WA0053-1536x864.jpg 1536w, https:\/\/vinasfm.com\/noticias\/wp-content\/uploads\/2025\/07\/IMG-20250723-WA0053-750x420.jpg 750w, https:\/\/vinasfm.com\/noticias\/wp-content\/uploads\/2025\/07\/IMG-20250723-WA0053-1140x641.jpg 1140w, https:\/\/vinasfm.com\/noticias\/wp-content\/uploads\/2025\/07\/IMG-20250723-WA0053.jpg 1600w\" sizes=\"auto, (max-width: 350px) 100vw, 350px\" \/><\/a><\/p>\n<p>El merendero funciona principalmente los fines de semana, aunque la tarea de Gisela no conoce de horarios ni de d\u00edas fijos. <strong>A veces organiza los mesones al aire libre, cuando el clima lo permite; otras, los recibe dentro de su propia vivienda.<\/strong> En todo momento la acompa\u00f1a un peque\u00f1o equipo familiar: <strong>una cu\u00f1ada, una vecina, su entorno m\u00e1s cercano, que tambi\u00e9n asumi\u00f3 como propia la misi\u00f3n de alimentar, acompa\u00f1ar y sostener.<\/strong><\/p>\n<p>Gracias al apoyo de la Direcci\u00f3n de Contingencias Sociales, nunca falta lo esencial: leche, az\u00facar, chocolate y tortitas. Pero el motor principal es otro: la vocaci\u00f3n. \u201c<em><strong>Esto era un sue\u00f1o que yo ten\u00eda desde hace mucho. Me encantar\u00eda, el d\u00eda de ma\u00f1ana, poder dar tambi\u00e9n un plato de comida. Porque la necesidad es mucha, much\u00edsima\u201d<\/strong><\/em>, enfatiza.<\/p>\n<p>La historia de Gisela no es solo la historia de un merendero, sino la de una mujer que decidi\u00f3 hacer frente a la desigualdad desde el coraz\u00f3n de su barrio. Y en tiempos donde las urgencias crecen, su ejemplo alimenta algo m\u00e1s que cuerpos: alimenta esperanzas.<\/p>\n","protected":false},"excerpt":{"rendered":"<p>En uno de los rincones m\u00e1s vulnerables de General Alvear, una mujer decidi\u00f3 transformar su casa en un espacio de contenci\u00f3n. &#8230;<\/p>\n","protected":false},"author":7,"featured_media":151106,"comment_status":"open","ping_status":"open","sticky":false,"template":"","format":"standard","meta":{"footnotes":""},"categories":[10,11],"tags":[],"class_list":["post-151103","post","type-post","status-publish","format-standard","has-post-thumbnail","hentry","category-destacadas","category-sociales"],"_links":{"self":[{"href":"https:\/\/vinasfm.com\/noticias\/wp-json\/wp\/v2\/posts\/151103","targetHints":{"allow":["GET"]}}],"collection":[{"href":"https:\/\/vinasfm.com\/noticias\/wp-json\/wp\/v2\/posts"}],"about":[{"href":"https:\/\/vinasfm.com\/noticias\/wp-json\/wp\/v2\/types\/post"}],"author":[{"embeddable":true,"href":"https:\/\/vinasfm.com\/noticias\/wp-json\/wp\/v2\/users\/7"}],"replies":[{"embeddable":true,"href":"https:\/\/vinasfm.com\/noticias\/wp-json\/wp\/v2\/comments?post=151103"}],"version-history":[{"count":2,"href":"https:\/\/vinasfm.com\/noticias\/wp-json\/wp\/v2\/posts\/151103\/revisions"}],"predecessor-version":[{"id":151109,"href":"https:\/\/vinasfm.com\/noticias\/wp-json\/wp\/v2\/posts\/151103\/revisions\/151109"}],"wp:featuredmedia":[{"embeddable":true,"href":"https:\/\/vinasfm.com\/noticias\/wp-json\/wp\/v2\/media\/151106"}],"wp:attachment":[{"href":"https:\/\/vinasfm.com\/noticias\/wp-json\/wp\/v2\/media?parent=151103"}],"wp:term":[{"taxonomy":"category","embeddable":true,"href":"https:\/\/vinasfm.com\/noticias\/wp-json\/wp\/v2\/categories?post=151103"},{"taxonomy":"post_tag","embeddable":true,"href":"https:\/\/vinasfm.com\/noticias\/wp-json\/wp\/v2\/tags?post=151103"}],"curies":[{"name":"wp","href":"https:\/\/api.w.org\/{rel}","templated":true}]}}