{"id":151090,"date":"2025-07-23T10:04:49","date_gmt":"2025-07-23T13:04:49","guid":{"rendered":"https:\/\/vinasfm.com\/noticias\/?p=151090"},"modified":"2025-07-24T10:25:42","modified_gmt":"2025-07-24T13:25:42","slug":"robaron-pertenencias-del-interior-de-una-camioneta-estacionada-en-calle-mitre","status":"publish","type":"post","link":"https:\/\/vinasfm.com\/noticias\/robaron-pertenencias-del-interior-de-una-camioneta-estacionada-en-calle-mitre\/","title":{"rendered":"ROBARON PERTENENCIAS DEL INTERIOR DE UNA CAMIONETA ESTACIONADA EN CALLE MITRE"},"content":{"rendered":"<h4 data-start=\"101\" data-end=\"285\"><strong><span style=\"color: #003300;\">Un nuevo hecho delictivo ocurri\u00f3 en la madrugada del mi\u00e9rcoles, cuando un hombre de 36 a\u00f1os denunci\u00f3 el robo de pertenencias del interior de su camioneta.<\/span><\/strong><\/h4>\n<p data-start=\"287\" data-end=\"646\">Seg\u00fan informaron desde <strong data-start=\"310\" data-end=\"327\">Comisar\u00eda 14\u00aa<\/strong>, el hecho sucedi\u00f3 alrededor de la <strong data-start=\"362\" data-end=\"386\">1:00 de la madrugada<\/strong> en calle <strong data-start=\"396\" data-end=\"412\">Mitre al 200<\/strong>, cuando la v\u00edctima, identificada como <strong data-start=\"451\" data-end=\"461\">E.J.C.<\/strong>, dej\u00f3 estacionada su camioneta <strong data-start=\"493\" data-end=\"506\">Fiat Toro<\/strong> frente a su domicilio. Al regresar al veh\u00edculo, constat\u00f3 que delincuentes hab\u00edan <strong data-start=\"588\" data-end=\"645\">forzado el acceso y sustra\u00eddo varios objetos de valor<\/strong>.<\/p>\n<p data-start=\"648\" data-end=\"690\">Entre los elementos robados se encuentran:<\/p>\n<ul data-start=\"691\" data-end=\"913\">\n<li data-start=\"691\" data-end=\"727\">\n<p data-start=\"693\" data-end=\"727\">Un <strong data-start=\"696\" data-end=\"727\">parlante Blackweb Performer<\/strong><\/p>\n<\/li>\n<li data-start=\"728\" data-end=\"758\">\n<p data-start=\"730\" data-end=\"758\">Un <strong data-start=\"733\" data-end=\"758\">parlante JBL GO4 azul<\/strong><\/p>\n<\/li>\n<li data-start=\"759\" data-end=\"801\">\n<p data-start=\"761\" data-end=\"801\">Una <strong data-start=\"765\" data-end=\"801\">navaja suiza Total color celeste<\/strong><\/p>\n<\/li>\n<li data-start=\"802\" data-end=\"851\">\n<p data-start=\"804\" data-end=\"851\">Un <strong data-start=\"807\" data-end=\"851\">estuche de lentes con micas desmontables<\/strong><\/p>\n<\/li>\n<li data-start=\"852\" data-end=\"913\">\n<p data-start=\"854\" data-end=\"913\">Una <strong data-start=\"858\" data-end=\"913\">mochila negra con documentaci\u00f3n personal y tarjetas<\/strong><\/p>\n<\/li>\n<\/ul>\n<p data-start=\"915\" data-end=\"1124\" data-is-last-node=\"\" data-is-only-node=\"\">La denuncia fue radicada en la sede policial, que trabaja en la <strong data-start=\"979\" data-end=\"1017\">identificaci\u00f3n de posibles autores<\/strong> y en el relevamiento de c\u00e1maras de seguridad de la zona. Hasta el momento <strong data-start=\"1092\" data-end=\"1123\">no se registraron detenidos<\/strong>.<\/p>\n","protected":false},"excerpt":{"rendered":"<p>Un nuevo hecho delictivo ocurri\u00f3 en la madrugada del mi\u00e9rcoles, cuando un hombre de 36 a\u00f1os denunci\u00f3 el robo de pertenencias &#8230;<\/p>\n","protected":false},"author":7,"featured_media":151091,"comment_status":"open","ping_status":"open","sticky":false,"template":"","format":"standard","meta":{"footnotes":""},"categories":[201,4],"tags":[],"class_list":["post-151090","post","type-post","status-publish","format-standard","has-post-thumbnail","hentry","category-inseguridad","category-policiales"],"_links":{"self":[{"href":"https:\/\/vinasfm.com\/noticias\/wp-json\/wp\/v2\/posts\/151090","targetHints":{"allow":["GET"]}}],"collection":[{"href":"https:\/\/vinasfm.com\/noticias\/wp-json\/wp\/v2\/posts"}],"about":[{"href":"https:\/\/vinasfm.com\/noticias\/wp-json\/wp\/v2\/types\/post"}],"author":[{"embeddable":true,"href":"https:\/\/vinasfm.com\/noticias\/wp-json\/wp\/v2\/users\/7"}],"replies":[{"embeddable":true,"href":"https:\/\/vinasfm.com\/noticias\/wp-json\/wp\/v2\/comments?post=151090"}],"version-history":[{"count":2,"href":"https:\/\/vinasfm.com\/noticias\/wp-json\/wp\/v2\/posts\/151090\/revisions"}],"predecessor-version":[{"id":151093,"href":"https:\/\/vinasfm.com\/noticias\/wp-json\/wp\/v2\/posts\/151090\/revisions\/151093"}],"wp:featuredmedia":[{"embeddable":true,"href":"https:\/\/vinasfm.com\/noticias\/wp-json\/wp\/v2\/media\/151091"}],"wp:attachment":[{"href":"https:\/\/vinasfm.com\/noticias\/wp-json\/wp\/v2\/media?parent=151090"}],"wp:term":[{"taxonomy":"category","embeddable":true,"href":"https:\/\/vinasfm.com\/noticias\/wp-json\/wp\/v2\/categories?post=151090"},{"taxonomy":"post_tag","embeddable":true,"href":"https:\/\/vinasfm.com\/noticias\/wp-json\/wp\/v2\/tags?post=151090"}],"curies":[{"name":"wp","href":"https:\/\/api.w.org\/{rel}","templated":true}]}}