{"id":151076,"date":"2025-07-23T09:45:25","date_gmt":"2025-07-23T12:45:25","guid":{"rendered":"https:\/\/vinasfm.com\/noticias\/?p=151076"},"modified":"2025-07-24T10:26:26","modified_gmt":"2025-07-24T13:26:26","slug":"mancinelli-sobre-libres-del-sur-si-el-radicalismo-se-alia-con-la-libertad-avanza-libres-del-sur-se-va-de-cambia-mendoza","status":"publish","type":"post","link":"https:\/\/vinasfm.com\/noticias\/mancinelli-sobre-libres-del-sur-si-el-radicalismo-se-alia-con-la-libertad-avanza-libres-del-sur-se-va-de-cambia-mendoza\/","title":{"rendered":"MANCINELLI SOBRE LIBRES DEL SUR: \u201cSI EL RADICALISMO SE AL\u00cdA CON LA LIBERTAD AVANZA, LIBRES DEL SUR SE VA DE CAMBIA MENDOZA\u201d"},"content":{"rendered":"<p><span style=\"color: #003300;\"><strong>En su visita a General Alvear, el secretario general de Libres del Sur, Ernesto Mancinelli, anticip\u00f3 que el partido se encuentra en un momento clave de definiciones. Este jueves se realizar\u00e1 un plenario provincial donde se determinar\u00e1 si Libres del Sur contin\u00faa o no dentro del Frente Cambia Mendoza, espacio pol\u00edtico del cual ha sido parte durante la \u00faltima d\u00e9cada.<\/strong><\/span><\/p>\n<p><strong><em>\u201cEstamos transitando una toma de decisi\u00f3n importante. Si se concreta la alianza entre el radicalismo y La Libertad Avanza en la esfera provincial, como lo venimos advirtiendo,<\/em> Libres del Sur no ser\u00e1 parte de Cambia Mendoza ni de su gesti\u00f3n de gobierno\u201d<\/strong>, afirm\u00f3 Mancinelli en di\u00e1logo con <span style=\"color: #800080;\"><strong>FM VI\u00d1AS<\/strong><\/span>.<\/p>\n<p>El dirigente remarc\u00f3 que, en caso de ruptura, el partido ya analiza alternativas: <strong><em>\u201cEstamos conversando con distintos espacios. Hemos avanzado bastante con Mario Vadillo, del Partido Verde, con la idea de construir una agenda com\u00fan para Mendoza. La idea es presentar un frente competitivo para las pr\u00f3ximas elecciones\u201d.<\/em><\/strong><\/p>\n<p>Seg\u00fan explic\u00f3, <em><span style=\"color: #800000;\">Libres del Sur<\/span> <\/em>busca conformar un espacio con base social, territorial y experiencia de gesti\u00f3n. <strong><em>\u201cTenemos presencia en m\u00e1s de<\/em> 500 barrios de la provincia, una construcci\u00f3n social s\u00f3lida, y podemos aportar experiencia que enriquezca las propuestas de la oposici\u00f3n. Queremos un espacio que dispute incluso un segundo lugar en Mendoza\u201d<\/strong>, destac\u00f3.<\/p>\n<p>Respecto al armado electoral, <strong><span style=\"color: #003366;\">Mancinelli<\/span> <\/strong>confirm\u00f3 que, de constituirse el nuevo frente, el objetivo es presentar listas en <strong>todos los departamentos de la provincia<\/strong>, incluido el cuarto distrito. <strong><em>\u201cNuestra vocaci\u00f3n es participar. Si el plenario lo aprueba, avanzaremos en la inscripci\u00f3n del frente y en la presentaci\u00f3n de candidatos en todo el territorio provincial\u201d<\/em><\/strong>, indic\u00f3.<\/p>\n<p>Sobre posibles alianzas con otros sectores, como el Movimiento Evita, aclar\u00f3: \u201c<em><strong>Tenemos di\u00e1logo, sobre todo desde mi rol como funcionario. En lo local, cada departamento puede definir sus propias estrategias, la pol\u00edtica se construye de abajo hacia arriba\u201d.<\/strong><\/em><\/p>\n<p>El plazo para la presentaci\u00f3n de frentes electorales vence el <strong>8 de agosto<\/strong>, por lo que las definiciones llegar\u00e1n en los pr\u00f3ximos d\u00edas.<\/p>\n","protected":false},"excerpt":{"rendered":"<p>En su visita a General Alvear, el secretario general de Libres del Sur, Ernesto Mancinelli, anticip\u00f3 que el partido se encuentra &#8230;<\/p>\n","protected":false},"author":7,"featured_media":151077,"comment_status":"open","ping_status":"open","sticky":false,"template":"","format":"standard","meta":{"footnotes":""},"categories":[23,7],"tags":[],"class_list":["post-151076","post","type-post","status-publish","format-standard","has-post-thumbnail","hentry","category-elecciones","category-politica"],"_links":{"self":[{"href":"https:\/\/vinasfm.com\/noticias\/wp-json\/wp\/v2\/posts\/151076","targetHints":{"allow":["GET"]}}],"collection":[{"href":"https:\/\/vinasfm.com\/noticias\/wp-json\/wp\/v2\/posts"}],"about":[{"href":"https:\/\/vinasfm.com\/noticias\/wp-json\/wp\/v2\/types\/post"}],"author":[{"embeddable":true,"href":"https:\/\/vinasfm.com\/noticias\/wp-json\/wp\/v2\/users\/7"}],"replies":[{"embeddable":true,"href":"https:\/\/vinasfm.com\/noticias\/wp-json\/wp\/v2\/comments?post=151076"}],"version-history":[{"count":2,"href":"https:\/\/vinasfm.com\/noticias\/wp-json\/wp\/v2\/posts\/151076\/revisions"}],"predecessor-version":[{"id":151094,"href":"https:\/\/vinasfm.com\/noticias\/wp-json\/wp\/v2\/posts\/151076\/revisions\/151094"}],"wp:featuredmedia":[{"embeddable":true,"href":"https:\/\/vinasfm.com\/noticias\/wp-json\/wp\/v2\/media\/151077"}],"wp:attachment":[{"href":"https:\/\/vinasfm.com\/noticias\/wp-json\/wp\/v2\/media?parent=151076"}],"wp:term":[{"taxonomy":"category","embeddable":true,"href":"https:\/\/vinasfm.com\/noticias\/wp-json\/wp\/v2\/categories?post=151076"},{"taxonomy":"post_tag","embeddable":true,"href":"https:\/\/vinasfm.com\/noticias\/wp-json\/wp\/v2\/tags?post=151076"}],"curies":[{"name":"wp","href":"https:\/\/api.w.org\/{rel}","templated":true}]}}