{"id":151051,"date":"2025-07-22T11:27:43","date_gmt":"2025-07-22T14:27:43","guid":{"rendered":"https:\/\/vinasfm.com\/noticias\/?p=151051"},"modified":"2025-07-23T09:52:07","modified_gmt":"2025-07-23T12:52:07","slug":"casa-salonia-fue-anfitriona-de-la-muestra-de-arte-llamada-el-sello-de-la-creatividad","status":"publish","type":"post","link":"https:\/\/vinasfm.com\/noticias\/casa-salonia-fue-anfitriona-de-la-muestra-de-arte-llamada-el-sello-de-la-creatividad\/","title":{"rendered":"CASA SALONIA FUE ANFITRIONA DE LA MUESTRA DE ARTE LLAMADA \u00abEL SELLO DE LA CREATIVIDAD\u00bb"},"content":{"rendered":"<h4>La exposici\u00f3n re\u00fane obras de ni\u00f1os y adolescentes que asisten a un taller particular de artes visuales a cargo de la profesora Lorena Ochoa.<\/h4>\n<p><em><strong>\u201cEsta muestra refleja lo que los chicos sue\u00f1an, piensan y sienten, y que han podido plasmar en un lienzo o en materiales alternativos, saliendo de lo tradicional para experimentar con \u00f3leo, pinceles y distintas t\u00e9cnicas que utilizan los grandes artistas<\/strong><\/em>\u201d, expres\u00f3 la docente.<\/p>\n<p>Quienes deseen visitar la muestra, la misma estar\u00e1 disponible hasta el viernes 1 de agosto, en Casa Salonia, Diagonal Carlos Pellegrini 144.<\/p>\n","protected":false},"excerpt":{"rendered":"<p>La exposici\u00f3n re\u00fane obras de ni\u00f1os y adolescentes que asisten a un taller particular de artes visuales a cargo de la &#8230;<\/p>\n","protected":false},"author":7,"featured_media":151052,"comment_status":"open","ping_status":"open","sticky":false,"template":"","format":"standard","meta":{"footnotes":""},"categories":[19,11],"tags":[],"class_list":["post-151051","post","type-post","status-publish","format-standard","has-post-thumbnail","hentry","category-cultura","category-sociales"],"_links":{"self":[{"href":"https:\/\/vinasfm.com\/noticias\/wp-json\/wp\/v2\/posts\/151051","targetHints":{"allow":["GET"]}}],"collection":[{"href":"https:\/\/vinasfm.com\/noticias\/wp-json\/wp\/v2\/posts"}],"about":[{"href":"https:\/\/vinasfm.com\/noticias\/wp-json\/wp\/v2\/types\/post"}],"author":[{"embeddable":true,"href":"https:\/\/vinasfm.com\/noticias\/wp-json\/wp\/v2\/users\/7"}],"replies":[{"embeddable":true,"href":"https:\/\/vinasfm.com\/noticias\/wp-json\/wp\/v2\/comments?post=151051"}],"version-history":[{"count":1,"href":"https:\/\/vinasfm.com\/noticias\/wp-json\/wp\/v2\/posts\/151051\/revisions"}],"predecessor-version":[{"id":151053,"href":"https:\/\/vinasfm.com\/noticias\/wp-json\/wp\/v2\/posts\/151051\/revisions\/151053"}],"wp:featuredmedia":[{"embeddable":true,"href":"https:\/\/vinasfm.com\/noticias\/wp-json\/wp\/v2\/media\/151052"}],"wp:attachment":[{"href":"https:\/\/vinasfm.com\/noticias\/wp-json\/wp\/v2\/media?parent=151051"}],"wp:term":[{"taxonomy":"category","embeddable":true,"href":"https:\/\/vinasfm.com\/noticias\/wp-json\/wp\/v2\/categories?post=151051"},{"taxonomy":"post_tag","embeddable":true,"href":"https:\/\/vinasfm.com\/noticias\/wp-json\/wp\/v2\/tags?post=151051"}],"curies":[{"name":"wp","href":"https:\/\/api.w.org\/{rel}","templated":true}]}}