{"id":151039,"date":"2025-07-22T09:56:49","date_gmt":"2025-07-22T12:56:49","guid":{"rendered":"https:\/\/vinasfm.com\/noticias\/?p=151039"},"modified":"2025-07-22T09:56:49","modified_gmt":"2025-07-22T12:56:49","slug":"omar-felix-confirmo-que-el-gasoducto-del-sur-mendocino-estara-listo-para-el-invierno-2026","status":"publish","type":"post","link":"https:\/\/vinasfm.com\/noticias\/omar-felix-confirmo-que-el-gasoducto-del-sur-mendocino-estara-listo-para-el-invierno-2026\/","title":{"rendered":"OMAR F\u00c9LIX CONFIRM\u00d3 QUE EL GASODUCTO DEL SUR MENDOCINO ESTAR\u00c1 LISTO PARA EL INVIERNO 2026"},"content":{"rendered":"<h4><strong><span style=\"color: #003300;\">El intendente puso plazo al gasoducto que permitir\u00e1 27.000 conexiones entre San Rafael y Alvear. Tras un litigio la Naci\u00f3n gir\u00f3 $5.200 millones para reactivarlo.<\/span><\/strong><\/h4>\n<article class=\"article-body first\">\n<div class=\"article-content\">\n<div class=\"cuerpo\" data-twitter-link=\"\">\n<p>Tras un largo tiempo de idas y vueltas con el gobierno nacional y dilaciones que incluyeron la par\u00e1lisis de la\u00a0<strong>obra<\/strong>\u00a0por falta de fondos, el <em>intendente de San Rafael<\/em>,\u00a0<span style=\"color: #003366;\"><strong>Omar F\u00e9lix<\/strong><\/span>, confirm\u00f3 cu\u00e1ndo estar\u00e1 terminado el\u00a0<strong>gasoducto<\/strong>\u00a0que alimentar\u00e1 al sur de Mendoza.<\/p>\n<\/div>\n<\/div>\n<\/article>\n<article class=\"article-body\">\n<div class=\"article-content\">\n<div class=\"cuerpo\" data-twitter-link=\"\">\n<p>Seg\u00fan F\u00e9lix, la obra que permitir\u00e1 que 27.000 hogares tanto de General Alvear como San Rafael puedan conectarse a la red de gas natural<em><strong> \u00abquedar\u00e1 finalizada antes del pr\u00f3ximo invierno\u00bb.<\/strong><\/em><\/p>\n<p>El anuncio se concret\u00f3 al confirmarse el\u00a0<strong>dep\u00f3sito de $5.190 millones que adeudaba la Naci\u00f3n<\/strong>\u00a0para completarlo. Estuvieron presentes <span style=\"color: #003366;\">Pablo Ojeda<\/span>, <em>socio de la UTE a cargo de la construcci\u00f3n del gasoducto<\/em>, y <span style=\"color: #003366;\">Adri\u00e1n Sejanovich<\/span>,<em> de Ecogas<\/em>.<\/p>\n<p>Actualmente, la obra alcanza un avance del 90%, y parte de las dilaciones pasaron por el aporte de los fondos para completar lo que falta.<strong> Terminar el gasoducto cuesta alrededor de $4.000 millones\u00a0que el municipio sure\u00f1o se comprometi\u00f3 a financiar.<\/strong><\/p>\n<p><img decoding=\"async\" src=\"https:\/\/media.diariouno.com.ar\/p\/16df691cc23613c8ba11b75a035dd966\/adjuntos\/298\/imagenes\/009\/351\/0009351163\/1200x0\/smart\/gasoducto-san-rafael1jpg.jpg\" alt=\"El gasoducto que permitir\u00e1 27 mil nuevas conexiones de gas natural en el Sur mendocino est\u00e1 a un 90% de avance\" \/><\/p>\n<h2>El final del litigio entre San Rafael y la Naci\u00f3n<\/h2>\n<p>En la ocasi\u00f3n, el jefe comunal sanrafaelino agradeci\u00f3 a quienes a su criterio permitieron ponerle definitivamente un plazo a la culminaci\u00f3n. Sobre todo tras un largo y sinuoso derrotero que no estuvo exento de cap\u00edtulos judiciales y acciones legales.<\/p>\n<p>Por eso, a la hora de los reconocimientos F\u00e9lix destac\u00f3 el rol de los abogados del municipio. Y tambi\u00e9n del estudio jur\u00eddico del ex intendente y legislador Ernesto Sanz, y tambi\u00e9n del bufete Balb\u00edn, de la ciudad de Buenos Aires.<\/p>\n<p><em><strong>\u00abSan Rafael es el \u00fanico caso en la Naci\u00f3n donde se logr\u00f3 reactivar una obra. Celebramos que el\u00a0Estado nacional no haya seguido apelando\u201d<\/strong><\/em>, resalt\u00f3 F\u00e9lix al respecto.<\/p>\n<p>La obra\u00a0<strong>se hab\u00eda frenado en diciembre de 2023 por falta de fondos<\/strong>. Y reci\u00e9n en mayo pasado un acuerdo judicial oblig\u00f3 a la Secretar\u00eda de Energ\u00eda de la Naci\u00f3n a\u00a0<strong>transferir unos $5.200 millones adeudados<\/strong>, que se depositaron el 17 de julio.<\/p>\n<p>Su traza avanza desde el empalme con el\u00a0<strong>gasoducto<\/strong>\u00a0internacional GasAndes, que une La Mora \u2013Mendoza-, con San Bernardo \u2013Chile-, con punto inicial a 5 km al oeste del zanj\u00f3n La Tosca.<\/p>\n<p>Los ca\u00f1os se extienden sobre Ruta Nacional 143 hasta el arco de ingreso\u00a0<strong>a San Rafael<\/strong>, donde hay una planta de regulaci\u00f3n desde la que el gas se transporta por tuber\u00edas a lo largo de 14 kil\u00f3metros hasta Granaderos y Lavalle, del departamento.<\/p>\n<p><img decoding=\"async\" src=\"https:\/\/media.diariouno.com.ar\/p\/c380a679854b9ca6ebd7423af9bbc1fe\/adjuntos\/298\/imagenes\/009\/593\/0009593243\/1200x0\/smart\/image.png\" alt=\"Omar F\u00e9lix junto al titular de la empresa Ojeda, de la UTE a cargo de la ejecuci\u00f3n del gasoducto, y Adri\u00e1n Sejanovich, de Ecogas\" \/><\/p>\n<h2>Gasoducto, parte II<\/h2>\n<p>Una vez concluidos estos trabajos, se podr\u00eda iniciar la segunda parte de la obra que tiende a conectar el\u00a0<strong>gasoducto<\/strong>\u00a0hacia los distritos Villa 25 de Mayo y Monte Com\u00e1n.<\/p>\n<p>Para facilitar el avance de la pr\u00f3xima etapa, F\u00e9lix comprometi\u00f3 al gobernador Alfredo Cornejo a aportar unos $4000 millones. Son los recursos que la Provincia hab\u00eda ofrecido para reactivar y completar el primer tramo del gasoducto.<\/p>\n<p>En tal sentido, consider\u00f3 que <em><strong>\u201cser\u00eda bueno que esto se hubiese planteado antes, pero si est\u00e1 ese dinero podr\u00eda ser destinado a llevar la red a la Villa 25 de Mayo o finalizar los trabajos inconclusos hace a\u00f1os en Monte Com\u00e1n, donde ya est\u00e1n realizados los tendidos domiciliarios\u201d.<\/strong><\/em><\/p>\n<p>Para la confirmaci\u00f3n de la misma, ser\u00eda necesario avanzar con la mesa de di\u00e1logo propuesta tanto por Alfredo Cornejo como por\u00a0<strong>Omar F\u00e9lix<\/strong>, aunque a\u00fan no hay indicios de que est\u00e9 cerca de concretarse.<\/p>\n<h6>Diario Uno.<\/h6>\n<\/div>\n<\/div>\n<\/article>\n","protected":false},"excerpt":{"rendered":"<p>El intendente puso plazo al gasoducto que permitir\u00e1 27.000 conexiones entre San Rafael y Alvear. Tras un litigio la Naci\u00f3n gir\u00f3 &#8230;<\/p>\n","protected":false},"author":7,"featured_media":151040,"comment_status":"open","ping_status":"open","sticky":false,"template":"","format":"standard","meta":{"footnotes":""},"categories":[1],"tags":[],"class_list":["post-151039","post","type-post","status-publish","format-standard","has-post-thumbnail","hentry","category-fmvinas"],"_links":{"self":[{"href":"https:\/\/vinasfm.com\/noticias\/wp-json\/wp\/v2\/posts\/151039","targetHints":{"allow":["GET"]}}],"collection":[{"href":"https:\/\/vinasfm.com\/noticias\/wp-json\/wp\/v2\/posts"}],"about":[{"href":"https:\/\/vinasfm.com\/noticias\/wp-json\/wp\/v2\/types\/post"}],"author":[{"embeddable":true,"href":"https:\/\/vinasfm.com\/noticias\/wp-json\/wp\/v2\/users\/7"}],"replies":[{"embeddable":true,"href":"https:\/\/vinasfm.com\/noticias\/wp-json\/wp\/v2\/comments?post=151039"}],"version-history":[{"count":1,"href":"https:\/\/vinasfm.com\/noticias\/wp-json\/wp\/v2\/posts\/151039\/revisions"}],"predecessor-version":[{"id":151041,"href":"https:\/\/vinasfm.com\/noticias\/wp-json\/wp\/v2\/posts\/151039\/revisions\/151041"}],"wp:featuredmedia":[{"embeddable":true,"href":"https:\/\/vinasfm.com\/noticias\/wp-json\/wp\/v2\/media\/151040"}],"wp:attachment":[{"href":"https:\/\/vinasfm.com\/noticias\/wp-json\/wp\/v2\/media?parent=151039"}],"wp:term":[{"taxonomy":"category","embeddable":true,"href":"https:\/\/vinasfm.com\/noticias\/wp-json\/wp\/v2\/categories?post=151039"},{"taxonomy":"post_tag","embeddable":true,"href":"https:\/\/vinasfm.com\/noticias\/wp-json\/wp\/v2\/tags?post=151039"}],"curies":[{"name":"wp","href":"https:\/\/api.w.org\/{rel}","templated":true}]}}