{"id":151025,"date":"2025-07-22T08:52:18","date_gmt":"2025-07-22T11:52:18","guid":{"rendered":"https:\/\/vinasfm.com\/noticias\/?p=151025"},"modified":"2025-07-22T12:15:21","modified_gmt":"2025-07-22T15:15:21","slug":"oneschuk-destaco-mejoras-edilicias-en-mas-de-15-escuelas-de-alvear-y-zonas-rurales","status":"publish","type":"post","link":"https:\/\/vinasfm.com\/noticias\/oneschuk-destaco-mejoras-edilicias-en-mas-de-15-escuelas-de-alvear-y-zonas-rurales\/","title":{"rendered":"ONESCHUK DESTAC\u00d3 MEJORAS EDILICIAS EN M\u00c1S DE 15 ESCUELAS DE ALVEAR Y ZONAS RURALES"},"content":{"rendered":"<h4><span style=\"color: #003300;\"><strong>La delegada regional de la Direcci\u00f3n General de Escuelas (DGE), Magal\u00ed Oneschuk, dialog\u00f3 con FM VI\u00d1AS y destac\u00f3 el intenso trabajo que se viene desarrollando en materia de infraestructura escolar en General Alvear y zonas rurales del departamento. <\/strong><\/span><\/h4>\n<p><span style=\"color: #000000;\">Se ejecutaron mejoras en m\u00e1s de 15 establecimientos, con intervenciones que van desde el recambio de ca\u00f1er\u00edas hasta la construcci\u00f3n de aulas nuevas.<\/span><\/p>\n<p><em><strong>\u00abEstamos muy contentos, porque se ha trabajado fuertemente en la parte edilicia\u00bb<\/strong><\/em>, afirm\u00f3 Oneschuk, quien detall\u00f3 que una de las primeras tareas fue resolver los problemas generados por las bajas temperaturas, que <strong>provocaron la rotura de ca\u00f1os en numerosas escuelas, principalmente rurales<\/strong>. Esto motiv\u00f3 el recambio total de ca\u00f1er\u00edas en instituciones como la <em>Esc. N\u00b0 1-389 Arist\u00f3bulo del Valle<\/em>,<em> Esc. N\u00ba1-353 Clemente Sarmiento<\/em> y tambi\u00e9n en establecimientos c\u00e9ntricos como la <em>Esc. N\u00b0 1-211 Carlos Mar\u00eda<\/em>, donde adem\u00e1s se renovaron los ba\u00f1os de varones con revestimiento de cer\u00e1micos.<\/p>\n<p>Entre las obras destacadas se encuentra la construcci\u00f3n completa del play\u00f3n deportivo de la <em>Esc. N\u00b0 1-727 Rios Mendocinos<\/em>, la renovaci\u00f3n total de ba\u00f1os y cocina en la Esc. <em>N\u00ba 1-286 Dardo Rocha<\/em>, y mejoras similares en la <em>Esc. 1-240 Belisario Rold\u00e1n<\/em>. Tambi\u00e9n se reacondicionaron tableros el\u00e9ctricos en del edificio compartido por las escuelas <em>4-144 12 de Agosto<\/em> y <em>4-202 R\u00edo Atuel.<\/em><\/p>\n<p>En la <em>Esc. N\u00b0 1-299 Fuerte Nuevo<\/em> se colocaron ca\u00f1er\u00edas nuevas, se realizaron 150 metros cuadrados de piso y se revistieron todas las paredes con durlock. Asimismo, se reacondicionaron m\u00f3dulos de jardines en las escuelas <em>Esc. 1-537 Juan XXII<\/em> y <em>Esc. 1-250 <span class=\"fc_item_title\">Miguel de Azcu\u00e9naga.<\/span><\/em><\/p>\n<p>Adem\u00e1s de las obras ya concretadas, <strong><span style=\"color: #003366;\">Oneschuk<\/span><\/strong> adelant\u00f3 que est\u00e1n proyectadas nuevas aulas en la <em>Escuela<\/em> <em><span class=\"fc_item_title\">Azcu\u00e9naga <\/span><\/em>y en el <em>Jard\u00edn 0-027 El Principito<\/em>, que est\u00e1n pr\u00f3ximas a inaugurarse. Tambi\u00e9n se planifica la construcci\u00f3n de salas para nivel inicial en la <em>Escuela Juan XXIII<\/em>, priorizando la atenci\u00f3n a la primera infancia. <em><strong>\u201cAs\u00ed vamos avanzando por etapas en los distintos niveles educativos\u201d<\/strong><\/em>, explic\u00f3.<\/p>\n<p>En cuanto a la actividad escolar, la delegada confirm\u00f3 que esta semana no habr\u00e1 suspensi\u00f3n de clases pese a las jornadas institucionales del jueves. <em><strong>\u201cLos estudiantes asistir\u00e1n normalmente, ya que las jornadas ser\u00e1n compartidas con los alumnos\u201d<\/strong><\/em>, aclar\u00f3. Los alumnos de s\u00e9ptimo grado y primer a\u00f1o del secundario asisten normal a clases.<\/p>\n","protected":false},"excerpt":{"rendered":"<p>La delegada regional de la Direcci\u00f3n General de Escuelas (DGE), Magal\u00ed Oneschuk, dialog\u00f3 con FM VI\u00d1AS y destac\u00f3 el intenso trabajo &#8230;<\/p>\n","protected":false},"author":7,"featured_media":45435,"comment_status":"open","ping_status":"open","sticky":false,"template":"","format":"standard","meta":{"footnotes":""},"categories":[5,18],"tags":[],"class_list":["post-151025","post","type-post","status-publish","format-standard","has-post-thumbnail","hentry","category-actualidad","category-educacion"],"_links":{"self":[{"href":"https:\/\/vinasfm.com\/noticias\/wp-json\/wp\/v2\/posts\/151025","targetHints":{"allow":["GET"]}}],"collection":[{"href":"https:\/\/vinasfm.com\/noticias\/wp-json\/wp\/v2\/posts"}],"about":[{"href":"https:\/\/vinasfm.com\/noticias\/wp-json\/wp\/v2\/types\/post"}],"author":[{"embeddable":true,"href":"https:\/\/vinasfm.com\/noticias\/wp-json\/wp\/v2\/users\/7"}],"replies":[{"embeddable":true,"href":"https:\/\/vinasfm.com\/noticias\/wp-json\/wp\/v2\/comments?post=151025"}],"version-history":[{"count":3,"href":"https:\/\/vinasfm.com\/noticias\/wp-json\/wp\/v2\/posts\/151025\/revisions"}],"predecessor-version":[{"id":151038,"href":"https:\/\/vinasfm.com\/noticias\/wp-json\/wp\/v2\/posts\/151025\/revisions\/151038"}],"wp:featuredmedia":[{"embeddable":true,"href":"https:\/\/vinasfm.com\/noticias\/wp-json\/wp\/v2\/media\/45435"}],"wp:attachment":[{"href":"https:\/\/vinasfm.com\/noticias\/wp-json\/wp\/v2\/media?parent=151025"}],"wp:term":[{"taxonomy":"category","embeddable":true,"href":"https:\/\/vinasfm.com\/noticias\/wp-json\/wp\/v2\/categories?post=151025"},{"taxonomy":"post_tag","embeddable":true,"href":"https:\/\/vinasfm.com\/noticias\/wp-json\/wp\/v2\/tags?post=151025"}],"curies":[{"name":"wp","href":"https:\/\/api.w.org\/{rel}","templated":true}]}}