{"id":151022,"date":"2025-07-21T23:22:29","date_gmt":"2025-07-22T02:22:29","guid":{"rendered":"https:\/\/vinasfm.com\/noticias\/?p=151022"},"modified":"2025-07-22T10:30:29","modified_gmt":"2025-07-22T13:30:29","slug":"accidente-en-ruta-188-volco-un-camion-ganadero-y-provoco-la-perdida-de-animales","status":"publish","type":"post","link":"https:\/\/vinasfm.com\/noticias\/accidente-en-ruta-188-volco-un-camion-ganadero-y-provoco-la-perdida-de-animales\/","title":{"rendered":"ACCIDENTE EN RUTA 188: VOLC\u00d3 UN CAMI\u00d3N GANADERO Y PROVOC\u00d3 LA P\u00c9RDIDA DE ANIMALES"},"content":{"rendered":"<p><span style=\"color: #003300;\"><strong>El aparatoso accidente vial se registr\u00f3 la noche del lunes 21 de julio en la Ruta Nacional 188, cuando un cami\u00f3n que trasladaba vacas volc\u00f3 cerca de las piletas del acueducto Bowen\u2011Canalejas.<\/strong><\/span><\/p>\n<p>El veh\u00edculo, procedente de la provincia de C\u00f3rdoba y con destino al dep\u00f3sito del supermercado \u00c1tomo en San Rafael, transportaba 51 vacas. Seg\u00fan los primeros reportes, al menos 15 animales perdieron la vida producto del siniestro.<\/p>\n<p>El conductor de 25 a\u00f1os <strong>perdi\u00f3 el control del cami\u00f3n tras rozar la banquina, que se encontraba en mal estado, mientras circulaba hacia el oeste.<\/strong> Afortunadamente, pudo salir del veh\u00edculo por sus propios medios, se encontraba l\u00facido y result\u00f3 ileso. Fue atendido por precauci\u00f3n por personal policial.<\/p>\n<p><strong>En el lugar trabajaron efectivos de la Comisar\u00eda 46\u00aa de Bowen, Bomberos Voluntarios y Defensa Civil de General Alvear para asistir con el operativo y ordenar el tr\u00e1nsito.<\/strong><\/p>\n<p>Las autoridades locales instan a los conductores a extremar precauciones en esta ruta, especialmente en sectores donde la banquina presenta deterioro significativo, situaci\u00f3n que podr\u00eda estar vinculada con la p\u00e9rdida de control del veh\u00edculo.<\/p>\n","protected":false},"excerpt":{"rendered":"<p>El aparatoso accidente vial se registr\u00f3 la noche del lunes 21 de julio en la Ruta Nacional 188, cuando un cami\u00f3n &#8230;<\/p>\n","protected":false},"author":7,"featured_media":151023,"comment_status":"open","ping_status":"open","sticky":false,"template":"","format":"standard","meta":{"footnotes":""},"categories":[5],"tags":[],"class_list":["post-151022","post","type-post","status-publish","format-standard","has-post-thumbnail","hentry","category-actualidad"],"_links":{"self":[{"href":"https:\/\/vinasfm.com\/noticias\/wp-json\/wp\/v2\/posts\/151022","targetHints":{"allow":["GET"]}}],"collection":[{"href":"https:\/\/vinasfm.com\/noticias\/wp-json\/wp\/v2\/posts"}],"about":[{"href":"https:\/\/vinasfm.com\/noticias\/wp-json\/wp\/v2\/types\/post"}],"author":[{"embeddable":true,"href":"https:\/\/vinasfm.com\/noticias\/wp-json\/wp\/v2\/users\/7"}],"replies":[{"embeddable":true,"href":"https:\/\/vinasfm.com\/noticias\/wp-json\/wp\/v2\/comments?post=151022"}],"version-history":[{"count":2,"href":"https:\/\/vinasfm.com\/noticias\/wp-json\/wp\/v2\/posts\/151022\/revisions"}],"predecessor-version":[{"id":151032,"href":"https:\/\/vinasfm.com\/noticias\/wp-json\/wp\/v2\/posts\/151022\/revisions\/151032"}],"wp:featuredmedia":[{"embeddable":true,"href":"https:\/\/vinasfm.com\/noticias\/wp-json\/wp\/v2\/media\/151023"}],"wp:attachment":[{"href":"https:\/\/vinasfm.com\/noticias\/wp-json\/wp\/v2\/media?parent=151022"}],"wp:term":[{"taxonomy":"category","embeddable":true,"href":"https:\/\/vinasfm.com\/noticias\/wp-json\/wp\/v2\/categories?post=151022"},{"taxonomy":"post_tag","embeddable":true,"href":"https:\/\/vinasfm.com\/noticias\/wp-json\/wp\/v2\/tags?post=151022"}],"curies":[{"name":"wp","href":"https:\/\/api.w.org\/{rel}","templated":true}]}}