{"id":150994,"date":"2025-07-21T10:27:24","date_gmt":"2025-07-21T13:27:24","guid":{"rendered":"https:\/\/vinasfm.com\/noticias\/?p=150994"},"modified":"2025-07-22T08:55:40","modified_gmt":"2025-07-22T11:55:40","slug":"conflicto-por-la-pampa-villegas-respondio-a-las-acusaciones-de-ziliotto-y-defendio-el-cumplimiento-de-mendoza","status":"publish","type":"post","link":"https:\/\/vinasfm.com\/noticias\/conflicto-por-la-pampa-villegas-respondio-a-las-acusaciones-de-ziliotto-y-defendio-el-cumplimiento-de-mendoza\/","title":{"rendered":"CONFLICTO POR LA PAMPA: VILLEGAS RESPONDI\u00d3 A LAS ACUSACIONES DE ZILIOTTO Y DEFENDI\u00d3 EL CUMPLIMIENTO DE MENDOZA"},"content":{"rendered":"<h4><span style=\"color: #003300;\"><strong>En di\u00e1logo con FM VI\u00d1AS, el consejero del R\u00edo Atuel, Gustavo Villegas, se refiri\u00f3 a las recientes declaraciones del gobernador pampeano y a la difusi\u00f3n de material que acusan a Mendoza de no cumplir con el fallo de la Corte Suprema sobre el caudal del R\u00edo Atuel.<\/strong><\/span><\/h4>\n<p>Villegas asegur\u00f3 que este tipo de manifestaciones resurgen<em><strong> \u201ccada vez que se aproxima una elecci\u00f3n en La Pampa\u201d<\/strong><\/em>, utilizando <em><strong>\u201cel argumento emocional del r\u00edo robado\u201d<\/strong><\/em> y presentando un panorama de sequ\u00eda extrema que, seg\u00fan el funcionario, no se corresponde con los datos oficiales.<\/p>\n<p><strong><em>\u201cDesde julio de 2024 a la fecha, han ingresado a La Pampa un promedio de 2,48 metros c\u00fabicos por segundo, como lo indica la p\u00e1gina de la Secretar\u00eda de Recursos H\u00eddricos de la Naci\u00f3n\u201d<\/em><\/strong>, afirm\u00f3. Y agreg\u00f3 que las im\u00e1genes satelitales confirman la presencia de agua en el territorio pampeano, lo que demuestra que <strong><em>\u201cel agua est\u00e1 llegando\u201d<\/em><\/strong>.<\/p>\n<p>Sin embargo, <span style=\"color: #003366;\"><strong>Villegas<\/strong><\/span> tambi\u00e9n se\u00f1al\u00f3 que <strong><em>\u201cel problema es que est\u00e1 mal conducida y mal trabajada\u201d<\/em><\/strong>, generando anegamientos que perjudican a los productores pampeanos. \u201c<strong><em>Lo venimos advirtiendo: hacen falta obras no solo en Mendoza para que el agua llegue, sino tambi\u00e9n en La Pampa para que no cause da\u00f1o\u201d.<\/em><\/strong><\/p>\n<p>En referencia al fallo de la Corte Suprema que estableci\u00f3 la obligaci\u00f3n de Mendoza de aportar 3,2 m\u00b3\/s de agua en el l\u00edmite interprovincial, Villegas destac\u00f3 que el mismo tambi\u00e9n obligaba a ambas provincias a ejecutar obras hidr\u00e1ulicas. \u201c<strong><em>Mendoza propuso, Naci\u00f3n aval\u00f3 y La Pampa se opuso sistem\u00e1ticamente\u201d<\/em><\/strong>, asegur\u00f3, y remarc\u00f3 que la provincia vecina<strong> s\u00f3lo pidi\u00f3 autorizaci\u00f3n para rectificar el cauce<\/strong>, pero que en los hechos no ha avanzado en la ejecuci\u00f3n de obras.<\/p>\n<p>Frente al reclamo pampeano presentado recientemente ante la Corte \u2014en el cual exigieron que el m\u00e1ximo tribunal presione a Mendoza por el incumplimiento del fallo\u2014 Villegas fue claro:<em><strong> \u201cOjal\u00e1 la Corte resuelva que se realicen las obras. Eso ser\u00eda tan importante como cumplir el fallo. No hay soluci\u00f3n si no se mejora la eficiencia en el uso del agua, y eso s\u00f3lo se logra con obras concretas\u201d.<\/strong><\/em><\/p>\n<p>El consejero tambi\u00e9n reflexion\u00f3 sobre la narrativa p\u00fablica en torno al conflicto: <strong><em>\u201cLos videos pampeanos llegan a la gente com\u00fan que sigue creyendo que Mendoza roba el agua. Nosotros tenemos los datos, pero no usamos lo suficiente las redes sociales. Tal vez deber\u00edamos hacerlo, pero Mendoza elige invertir en eficiencia y gesti\u00f3n, no en propaganda\u201d.<\/em><\/strong><\/p>\n<p>Finalmente, Villegas valor\u00f3 el cambio de percepci\u00f3n que se ha producido a nivel nacional en los \u00faltimos a\u00f1os: <em><strong>\u201cHoy ya no es tan f\u00e1cil instalar la idea del \u2018robo del agua\u2019 en otras provincias. Mendoza ha ganado credibilidad porque ha explicado con claridad cu\u00e1l es la realidad del Atuel y c\u00f3mo se debe resolver\u201d.<\/strong><\/em><\/p>\n<p>El conflicto por el r\u00edo Atuel contin\u00faa sin una resoluci\u00f3n definitiva, a cinco a\u00f1os del fallo de la Corte. Mientras tanto, las tensiones entre ambas provincias se mantienen y el reclamo por el uso equitativo del recurso sigue latente.<\/p>\n","protected":false},"excerpt":{"rendered":"<p>En di\u00e1logo con FM VI\u00d1AS, el consejero del R\u00edo Atuel, Gustavo Villegas, se refiri\u00f3 a las recientes declaraciones del gobernador pampeano &#8230;<\/p>\n","protected":false},"author":7,"featured_media":150995,"comment_status":"open","ping_status":"open","sticky":false,"template":"","format":"standard","meta":{"footnotes":""},"categories":[5,37],"tags":[],"class_list":["post-150994","post","type-post","status-publish","format-standard","has-post-thumbnail","hentry","category-actualidad","category-irrigacion"],"_links":{"self":[{"href":"https:\/\/vinasfm.com\/noticias\/wp-json\/wp\/v2\/posts\/150994","targetHints":{"allow":["GET"]}}],"collection":[{"href":"https:\/\/vinasfm.com\/noticias\/wp-json\/wp\/v2\/posts"}],"about":[{"href":"https:\/\/vinasfm.com\/noticias\/wp-json\/wp\/v2\/types\/post"}],"author":[{"embeddable":true,"href":"https:\/\/vinasfm.com\/noticias\/wp-json\/wp\/v2\/users\/7"}],"replies":[{"embeddable":true,"href":"https:\/\/vinasfm.com\/noticias\/wp-json\/wp\/v2\/comments?post=150994"}],"version-history":[{"count":1,"href":"https:\/\/vinasfm.com\/noticias\/wp-json\/wp\/v2\/posts\/150994\/revisions"}],"predecessor-version":[{"id":150996,"href":"https:\/\/vinasfm.com\/noticias\/wp-json\/wp\/v2\/posts\/150994\/revisions\/150996"}],"wp:featuredmedia":[{"embeddable":true,"href":"https:\/\/vinasfm.com\/noticias\/wp-json\/wp\/v2\/media\/150995"}],"wp:attachment":[{"href":"https:\/\/vinasfm.com\/noticias\/wp-json\/wp\/v2\/media?parent=150994"}],"wp:term":[{"taxonomy":"category","embeddable":true,"href":"https:\/\/vinasfm.com\/noticias\/wp-json\/wp\/v2\/categories?post=150994"},{"taxonomy":"post_tag","embeddable":true,"href":"https:\/\/vinasfm.com\/noticias\/wp-json\/wp\/v2\/tags?post=150994"}],"curies":[{"name":"wp","href":"https:\/\/api.w.org\/{rel}","templated":true}]}}