{"id":150986,"date":"2025-07-21T09:57:11","date_gmt":"2025-07-21T12:57:11","guid":{"rendered":"https:\/\/vinasfm.com\/noticias\/?p=150986"},"modified":"2025-07-22T08:56:12","modified_gmt":"2025-07-22T11:56:12","slug":"juegos-barriletes-y-vuelo-una-jornada-que-conecto-generaciones-en-el-aeroclub","status":"publish","type":"post","link":"https:\/\/vinasfm.com\/noticias\/juegos-barriletes-y-vuelo-una-jornada-que-conecto-generaciones-en-el-aeroclub\/","title":{"rendered":"JUEGOS, BARRILETES Y VUELO: UNA JORNADA QUE CONECT\u00d3 GENERACIONES EN EL AEROCLUB"},"content":{"rendered":"<h4><strong><span style=\"color: #003300;\">La propuesta organizada por la Municipalidad de General Alvear junto al aeroclub se transform\u00f3 en una verdadera fiesta familiar que super\u00f3 todas las expectativas. <\/span><\/strong><\/h4>\n<h4>Con barriletes, juegos, acrobacias a\u00e9reas y hasta sorteos de vuelos de bautismo, la jornada reuni\u00f3 a cientos de personas de distintas edades en un espacio de encuentro, disfrute y conexi\u00f3n entre generaciones.<\/h4>\n<p><span style=\"color: #003366;\"><strong>Anal\u00eda Garc\u00eda<\/strong><\/span>, <em>representante del Aeroclub<\/em>, expres\u00f3 su entusiasmo por la gran participaci\u00f3n:<strong><em> \u201cpusimos en marcha esta idea para agasajar a la familia, que sea un d\u00eda distinto, un domingo diferente. Nos encontramos con abuelos y padres que recordaban c\u00f3mo hac\u00edan barriletes, y hoy los vimos compartiendo eso con sus hijos y nietos. La verdad es que estamos felices\u201d.<\/em><\/strong><\/p>\n<p>El evento no solo incluy\u00f3 la construcci\u00f3n y vuelo de barriletes, sino tambi\u00e9n juegos como Jenga y juegos de memoria, coordinados por el equipo de Municipio Saludable. <em><strong>\u201cLa propuesta fue muy bien aceptada. Vimos a familias enteras disfrutando juntas, algo que pocas veces se da con tanta naturalidad\u201d<\/strong><\/em>, destac\u00f3 Garc\u00eda.<\/p>\n<p><a href=\"https:\/\/vinasfm.com\/noticias\/wp-content\/uploads\/2025\/07\/IMG-20250721-WA0035.jpg\"><img loading=\"lazy\" decoding=\"async\" class=\"alignnone wp-image-150988\" src=\"https:\/\/vinasfm.com\/noticias\/wp-content\/uploads\/2025\/07\/IMG-20250721-WA0035-1024x682.jpg\" alt=\"\" width=\"360\" height=\"240\" srcset=\"https:\/\/vinasfm.com\/noticias\/wp-content\/uploads\/2025\/07\/IMG-20250721-WA0035-1024x682.jpg 1024w, https:\/\/vinasfm.com\/noticias\/wp-content\/uploads\/2025\/07\/IMG-20250721-WA0035-300x200.jpg 300w, https:\/\/vinasfm.com\/noticias\/wp-content\/uploads\/2025\/07\/IMG-20250721-WA0035-768x512.jpg 768w, https:\/\/vinasfm.com\/noticias\/wp-content\/uploads\/2025\/07\/IMG-20250721-WA0035-1536x1023.jpg 1536w, https:\/\/vinasfm.com\/noticias\/wp-content\/uploads\/2025\/07\/IMG-20250721-WA0035.jpg 1600w\" sizes=\"auto, (max-width: 360px) 100vw, 360px\" \/><\/a> <a href=\"https:\/\/vinasfm.com\/noticias\/wp-content\/uploads\/2025\/07\/IMG-20250721-WA0033.jpg\"><img loading=\"lazy\" decoding=\"async\" class=\"alignnone wp-image-150989\" src=\"https:\/\/vinasfm.com\/noticias\/wp-content\/uploads\/2025\/07\/IMG-20250721-WA0033-1024x683.jpg\" alt=\"\" width=\"360\" height=\"240\" srcset=\"https:\/\/vinasfm.com\/noticias\/wp-content\/uploads\/2025\/07\/IMG-20250721-WA0033-1024x683.jpg 1024w, https:\/\/vinasfm.com\/noticias\/wp-content\/uploads\/2025\/07\/IMG-20250721-WA0033-300x200.jpg 300w, https:\/\/vinasfm.com\/noticias\/wp-content\/uploads\/2025\/07\/IMG-20250721-WA0033-768x512.jpg 768w, https:\/\/vinasfm.com\/noticias\/wp-content\/uploads\/2025\/07\/IMG-20250721-WA0033-1536x1024.jpg 1536w, https:\/\/vinasfm.com\/noticias\/wp-content\/uploads\/2025\/07\/IMG-20250721-WA0033.jpg 1600w\" sizes=\"auto, (max-width: 360px) 100vw, 360px\" \/><\/a><\/p>\n<p>La jornada tambi\u00e9n ofreci\u00f3 la posibilidad de participar del sorteo de un vuelo de bautismo, lo que sum\u00f3 a\u00fan m\u00e1s entusiasmo entre los presentes. <em><strong>\u201cAlgunos no se hab\u00edan inscripto online, pero igual les dimos la chance de ser parte. Ha sido una experiencia m\u00e1s que positiva\u201d<\/strong><\/em>, agreg\u00f3.<\/p>\n<p>Quienes participaron destacaron el valor emocional de la propuesta. <span style=\"color: #003366;\"><strong>Alexis<\/strong><\/span>, uno de los asistentes, comparti\u00f3: <strong><em>\u201cmi hijo me lo propuso y le dije que s\u00ed quer\u00edamos venir, porque esto se ha perdido mucho y est\u00e1 bueno compartirlo de vuelta\u201d.<\/em><\/strong><\/p>\n<p>Tambi\u00e9n <strong><span style=\"color: #003366;\">Juan<\/span><\/strong>, que particip\u00f3 junto a su nieta, expres\u00f3: <em><strong>\u201ces espectacular, esta experiencia me volvi\u00f3 el alma y compartirlo con mi nieta es una felicidad\u201d. Emocionado, record\u00f3: \u201ccuando vi que se elevaba tan alto, me acord\u00e9 de mi abuela. Ten\u00eda un barrilete que le dec\u00edamos el \u2018patas largas\u2019, y se lo fabriqu\u00e9 igual, como a ella tanto le gustaba\u201d.<\/strong><\/em><\/p>\n<p>Cont\u00f3 que prepar\u00f3 el barrilete junto a su esposa:<strong><em> \u201cempezamos ayer, armamos el dise\u00f1o y ella lo pint\u00f3, sali\u00f3 muy lindo y lleg\u00f3 a unos 300 metros, fue espectacular\u201d.<\/em> <\/strong>Y cerr\u00f3 con un deseo: <strong><em>\u201cque se repita, que los chicos vuelvan a hacer esto que hac\u00edamos antes: jugar a la bolita, volar barriletes, que se diviertan con juegos sanos\u201d.<\/em><\/strong><\/p>\n<p><a href=\"https:\/\/vinasfm.com\/noticias\/wp-content\/uploads\/2025\/07\/IMG-20250721-WA0032.jpg\"><img loading=\"lazy\" decoding=\"async\" class=\"wp-image-150987 aligncenter\" src=\"https:\/\/vinasfm.com\/noticias\/wp-content\/uploads\/2025\/07\/IMG-20250721-WA0032-1024x683.jpg\" alt=\"\" width=\"600\" height=\"400\" srcset=\"https:\/\/vinasfm.com\/noticias\/wp-content\/uploads\/2025\/07\/IMG-20250721-WA0032-1024x683.jpg 1024w, https:\/\/vinasfm.com\/noticias\/wp-content\/uploads\/2025\/07\/IMG-20250721-WA0032-300x200.jpg 300w, https:\/\/vinasfm.com\/noticias\/wp-content\/uploads\/2025\/07\/IMG-20250721-WA0032-768x512.jpg 768w, https:\/\/vinasfm.com\/noticias\/wp-content\/uploads\/2025\/07\/IMG-20250721-WA0032-1536x1024.jpg 1536w, https:\/\/vinasfm.com\/noticias\/wp-content\/uploads\/2025\/07\/IMG-20250721-WA0032.jpg 1600w\" sizes=\"auto, (max-width: 600px) 100vw, 600px\" \/><\/a><\/p>\n<p>Con una combinaci\u00f3n perfecta de nostalgia, diversi\u00f3n y comunidad, esta iniciativa demostr\u00f3 que actividades simples pueden generar momentos inolvidables. <strong><em>\u201cNos llevamos lo mejor: ver a las familias unidas, compartiendo, felices. Fue una jornada que conect\u00f3 generaciones\u201d<\/em><\/strong>, concluy\u00f3 Garc\u00eda.<\/p>\n","protected":false},"excerpt":{"rendered":"<p>La propuesta organizada por la Municipalidad de General Alvear junto al aeroclub se transform\u00f3 en una verdadera fiesta familiar que super\u00f3 &#8230;<\/p>\n","protected":false},"author":7,"featured_media":150990,"comment_status":"open","ping_status":"open","sticky":false,"template":"","format":"standard","meta":{"footnotes":""},"categories":[5,19],"tags":[],"class_list":["post-150986","post","type-post","status-publish","format-standard","has-post-thumbnail","hentry","category-actualidad","category-cultura"],"_links":{"self":[{"href":"https:\/\/vinasfm.com\/noticias\/wp-json\/wp\/v2\/posts\/150986","targetHints":{"allow":["GET"]}}],"collection":[{"href":"https:\/\/vinasfm.com\/noticias\/wp-json\/wp\/v2\/posts"}],"about":[{"href":"https:\/\/vinasfm.com\/noticias\/wp-json\/wp\/v2\/types\/post"}],"author":[{"embeddable":true,"href":"https:\/\/vinasfm.com\/noticias\/wp-json\/wp\/v2\/users\/7"}],"replies":[{"embeddable":true,"href":"https:\/\/vinasfm.com\/noticias\/wp-json\/wp\/v2\/comments?post=150986"}],"version-history":[{"count":2,"href":"https:\/\/vinasfm.com\/noticias\/wp-json\/wp\/v2\/posts\/150986\/revisions"}],"predecessor-version":[{"id":150992,"href":"https:\/\/vinasfm.com\/noticias\/wp-json\/wp\/v2\/posts\/150986\/revisions\/150992"}],"wp:featuredmedia":[{"embeddable":true,"href":"https:\/\/vinasfm.com\/noticias\/wp-json\/wp\/v2\/media\/150990"}],"wp:attachment":[{"href":"https:\/\/vinasfm.com\/noticias\/wp-json\/wp\/v2\/media?parent=150986"}],"wp:term":[{"taxonomy":"category","embeddable":true,"href":"https:\/\/vinasfm.com\/noticias\/wp-json\/wp\/v2\/categories?post=150986"},{"taxonomy":"post_tag","embeddable":true,"href":"https:\/\/vinasfm.com\/noticias\/wp-json\/wp\/v2\/tags?post=150986"}],"curies":[{"name":"wp","href":"https:\/\/api.w.org\/{rel}","templated":true}]}}