{"id":150970,"date":"2025-07-21T08:21:52","date_gmt":"2025-07-21T11:21:52","guid":{"rendered":"https:\/\/vinasfm.com\/noticias\/?p=150970"},"modified":"2025-07-22T08:57:23","modified_gmt":"2025-07-22T11:57:23","slug":"se-reanudan-las-clases-y-vuelven-las-pruebas-de-matematica-y-el-censo-de-fluidez-lectora-hasta-fin-de-ano","status":"publish","type":"post","link":"https:\/\/vinasfm.com\/noticias\/se-reanudan-las-clases-y-vuelven-las-pruebas-de-matematica-y-el-censo-de-fluidez-lectora-hasta-fin-de-ano\/","title":{"rendered":"SE REANUDAN LAS CLASES Y VUELVEN LAS PRUEBAS DE MATEM\u00c1TICA Y EL CENSO DE FLUIDEZ LECTORA HASTA FIN DE A\u00d1O"},"content":{"rendered":"<h4><strong><span style=\"color: #003300;\">Este lunes 21 de julio retornan las clases en todas las escuelas de la provincia, luego del receso escolar. La planificaci\u00f3n completa de la DGE.<\/span><\/strong><\/h4>\n<article class=\"article-body first\">\n<div class=\"article-content\">\n<div class=\"cuerpo\" data-twitter-link=\"\">\n<p><strong>Alumnos,<\/strong>\u00a0docentes y personal no docente de todos los niveles y modalidades retoman las<strong>\u00a0clases<\/strong>\u00a0este lunes en toda la provincia. Para la segunda parte del a\u00f1o, la\u00a0<strong>Direcci\u00f3n General de Escuelas (DGE)<\/strong>\u00a0tiene programados dos nuevos\u00a0<strong>Censos de Fuidez\u00a0<\/strong>y Comprensi\u00f3n Lectora y la prueba provincial de\u00a0<strong>Matem\u00e1ticas<\/strong>. El gremio docente viene de acordar salarios para lo que queda del ciclo lectivo.<\/p>\n<\/div>\n<\/div>\n<\/article>\n<article class=\"article-body\">\n<div class=\"article-content\">\n<div class=\"cuerpo\" data-twitter-link=\"\">\n<p>Dentro del cronograma del segundo cuatrimestre, habr\u00e1 diversas actividades que perseguir\u00e1n sostener la mejora en la calidad del servicio educativo: la segunda y tercera medici\u00f3n del\u00a0<strong>Censo de Fluidez\u00a0<\/strong>y<em>\u00a0Comprensi\u00f3n Lectora<\/em>, en la que participar\u00e1n alumnos de niveles primario y secundario, durante de agosto y octubre, respectivamente; como la segunda medici\u00f3n de conocimientos matem\u00e1ticos, a desarrollarse tambi\u00e9n en noviembre.<\/p>\n<p>En este sentido, tambi\u00e9n durante agosto se desarrollar\u00e1n las pruebas ERCE (<strong>Estudio Regional Comparativo y Explicativo)<\/strong>\u00a0para Primaria y las pruebas<strong>\u00a0PISA<\/strong>\u00a0(<em>Programme for International Student Assessment<\/em>, Programa para la Evaluaci\u00f3n Internacional de Estudiantes) para Secundaria.<\/p>\n<p><img loading=\"lazy\" decoding=\"async\" class=\"aligncenter\" src=\"https:\/\/media.diariouno.com.ar\/p\/799e2be2c7c093718b04c7df38dc745b\/adjuntos\/298\/imagenes\/009\/502\/0009502328\/1200x0\/smart\/inicio-clases-dge-docentesjpg.jpg\" alt=\"Los peques arrancan las clases... y para muchos padres es un alivio.\" width=\"625\" height=\"352\" \/><\/p>\n<h2>FECHAS CLAVE<\/h2>\n<p>Es importante recordar que, del 28 de julio al 29 de agosto, tendr\u00e1 lugar el per\u00edodo de recuperaci\u00f3n de saberes para estudiantes del Nivel Secundario con espacios curriculares pendientes de aprobaci\u00f3n o libres por equivalencias, as\u00ed como para egresados y egresadas. Este per\u00edodo volver\u00e1 a repetirse del 2 al 28 de noviembre.<\/p>\n<p>Otra de las acciones fundamentales ser\u00e1 el desarrollo del espacio denominado\u00a0<em>Escuela Abierta<\/em>, que permitir\u00e1 que tanto los estudiantes como sus familias se acerquen a las instituciones educativas para conocer de cerca sus propuestas pedag\u00f3gicas, instalaciones y comunidades. Esta iniciativa se llevar\u00e1 a cabo a lo largo de diez d\u00edas: del 23 al 26 de septiembre para el Nivel Inicial; del 29 de septiembre al 3 de octubre para el Nivel Primario; del 14 al 24 de octubre para el Nivel Secundario y la modalidad de Educaci\u00f3n Permanente de J\u00f3venes y Adultos; y del 20 al 31 de octubre para la modalidad de Educaci\u00f3n Especial.<\/p>\n<p>En el Nivel Superior, si bien el mismo 21 de julio comienzan las horas de consulta para las mesas examinadoras correspondientes a julio\/agosto, el cursado regular del segundo cuatrimestre se iniciar\u00e1 el 11 de agosto en todos los a\u00f1os y para todas las carreras, y su culminaci\u00f3n est\u00e1 prevista para el 21 de noviembre.<\/p>\n<p>Por otra parte, en noviembre se llevar\u00e1 a cabo el Encuentro de Escuelas Secundarias de Arte, que incluir\u00e1 exposiciones de proyectos de instituciones t\u00e9cnicas en encuentros institucionales e interinstitucionales por tecnicatura, departamento, familia profesional, etc.<\/p>\n<p>Finalmente, los d\u00edas 22 y 23 de diciembre ser\u00e1 el turno de la finalizaci\u00f3n de las actividades de los equipos jer\u00e1rquicos, secretarios y secretarias, y supervisores y supervisoras de todos los niveles y modalidades educativas.<\/p>\n<\/div>\n<\/div>\n<\/article>\n","protected":false},"excerpt":{"rendered":"<p>Este lunes 21 de julio retornan las clases en todas las escuelas de la provincia, luego del receso escolar. La planificaci\u00f3n &#8230;<\/p>\n","protected":false},"author":7,"featured_media":150971,"comment_status":"open","ping_status":"open","sticky":false,"template":"","format":"standard","meta":{"footnotes":""},"categories":[74,18],"tags":[],"class_list":["post-150970","post","type-post","status-publish","format-standard","has-post-thumbnail","hentry","category-dge","category-educacion"],"_links":{"self":[{"href":"https:\/\/vinasfm.com\/noticias\/wp-json\/wp\/v2\/posts\/150970","targetHints":{"allow":["GET"]}}],"collection":[{"href":"https:\/\/vinasfm.com\/noticias\/wp-json\/wp\/v2\/posts"}],"about":[{"href":"https:\/\/vinasfm.com\/noticias\/wp-json\/wp\/v2\/types\/post"}],"author":[{"embeddable":true,"href":"https:\/\/vinasfm.com\/noticias\/wp-json\/wp\/v2\/users\/7"}],"replies":[{"embeddable":true,"href":"https:\/\/vinasfm.com\/noticias\/wp-json\/wp\/v2\/comments?post=150970"}],"version-history":[{"count":2,"href":"https:\/\/vinasfm.com\/noticias\/wp-json\/wp\/v2\/posts\/150970\/revisions"}],"predecessor-version":[{"id":150993,"href":"https:\/\/vinasfm.com\/noticias\/wp-json\/wp\/v2\/posts\/150970\/revisions\/150993"}],"wp:featuredmedia":[{"embeddable":true,"href":"https:\/\/vinasfm.com\/noticias\/wp-json\/wp\/v2\/media\/150971"}],"wp:attachment":[{"href":"https:\/\/vinasfm.com\/noticias\/wp-json\/wp\/v2\/media?parent=150970"}],"wp:term":[{"taxonomy":"category","embeddable":true,"href":"https:\/\/vinasfm.com\/noticias\/wp-json\/wp\/v2\/categories?post=150970"},{"taxonomy":"post_tag","embeddable":true,"href":"https:\/\/vinasfm.com\/noticias\/wp-json\/wp\/v2\/tags?post=150970"}],"curies":[{"name":"wp","href":"https:\/\/api.w.org\/{rel}","templated":true}]}}