{"id":150952,"date":"2025-07-19T10:36:40","date_gmt":"2025-07-19T13:36:40","guid":{"rendered":"https:\/\/vinasfm.com\/noticias\/?p=150952"},"modified":"2025-07-21T09:49:22","modified_gmt":"2025-07-21T12:49:22","slug":"guerra-del-agua-la-pampa-le-exigio-a-la-corte-suprema-que-presione-a-mendoza-por-el-rio-atuel","status":"publish","type":"post","link":"https:\/\/vinasfm.com\/noticias\/guerra-del-agua-la-pampa-le-exigio-a-la-corte-suprema-que-presione-a-mendoza-por-el-rio-atuel\/","title":{"rendered":"GUERRA DEL AGUA: LA PAMPA LE EXIGI\u00d3 A LA CORTE SUPREMA QUE PRESIONE A MENDOZA POR EL R\u00cdO ATUEL"},"content":{"rendered":"<h4><strong><span style=\"color: #003300;\">Desde la provincia gobernada por Sergio Ziliotto aseguraron que \u201chay agua suficiente para que se cumpla con el fallo del M\u00e1ximo Tribunal\u201d.<\/span><\/strong><\/h4>\n<p><strong>La Pampa<\/strong>\u00a0volvi\u00f3 a cuestionar a\u00a0<strong>Mendoza\u00a0<\/strong>por un supuesto incumplimiento del acuerdo firmado en el a\u00f1o 2020 por las aguas del\u00a0<strong>r\u00edo Atuel\u00a0<\/strong>y apunt\u00f3 contra la<strong>\u00a0Corte Suprema\u00a0<\/strong>por no presionar a la provincia.<\/p>\n<p>Esta nueva embestida del gobierno pampeano se da en el aniversario n\u00famero 5 del fallo de la Corte Suprema que\u00a0<strong>estableci\u00f3 un caudal m\u00ednimo de 3,2 metros c\u00fabicos por segundo hasta que se resuelva la cuesti\u00f3n de fondo entre ambas provincias.<\/strong><\/p>\n<p><strong><em>\u201cCinco a\u00f1os despu\u00e9s, la Corte Suprema de Justicia de la Naci\u00f3n no hace cumplir su propio fallo por el r\u00edo Atuel. Hay agua suficiente en la cuenca del r\u00edo Atuel para que Mendoza cumpla con el fallo de la Corte y nos d\u00e9 nuestra parte. Hay evidencias y datos oficiales del propio gobierno mendocino que as\u00ed lo revelan\u201c<\/em><\/strong>, asegur\u00f3 el gobernador de La Pampa, Sergio Ziliotto en una publicaci\u00f3n en la red social X.<\/p>\n<p>En este sentido, Ziliotto le exigi\u00f3 al M\u00e1ximo Tribunal a que cumpla con el fallo del a\u00f1o 2020 y pidi\u00f3 que una r\u00e1pida resoluci\u00f3n para\u00a0<strong><em>\u201cevitar da\u00f1os ambientales\u201d<\/em>.<\/strong><\/p>\n<p><strong><em>\u201cExigimos a la Corte Suprema que haga cumplir su sentencia a trav\u00e9s de medidas concretas. Ya no hay margen, los da\u00f1os ambientales por la falta de escorrent\u00eda del Atuel se profundizan\u201d<\/em><\/strong>, afirm\u00f3 el mandatario.<\/p>\n<p>Desde Mendoza no se hicieron eco de estas declaraciones y le bajaron el tenor a la discusi\u00f3n,\u00a0<strong>asegurando que se trata de un movimiento habitual de La Pampa y lo vincularon con el proceso electoral.<\/strong><\/p>\n<aside class=\"scaip scaip-2    \"><\/aside>\n<p><strong><em>\u201cNo hay nada nuevo, es el \u00fanico tema de agenda que tienen. Lo refritan cada tanto. Y este a\u00f1o electoral, seguro que lo har\u00e1n m\u00e1s seguido\u201d<\/em><\/strong>, se\u00f1alaron desde el gobierno provincial.<\/p>\n","protected":false},"excerpt":{"rendered":"<p>Desde la provincia gobernada por Sergio Ziliotto aseguraron que \u201chay agua suficiente para que se cumpla con el fallo del M\u00e1ximo &#8230;<\/p>\n","protected":false},"author":7,"featured_media":150954,"comment_status":"open","ping_status":"open","sticky":false,"template":"","format":"standard","meta":{"footnotes":""},"categories":[54,10],"tags":[],"class_list":["post-150952","post","type-post","status-publish","format-standard","has-post-thumbnail","hentry","category-conflicto-con-la-pampa","category-destacadas"],"_links":{"self":[{"href":"https:\/\/vinasfm.com\/noticias\/wp-json\/wp\/v2\/posts\/150952","targetHints":{"allow":["GET"]}}],"collection":[{"href":"https:\/\/vinasfm.com\/noticias\/wp-json\/wp\/v2\/posts"}],"about":[{"href":"https:\/\/vinasfm.com\/noticias\/wp-json\/wp\/v2\/types\/post"}],"author":[{"embeddable":true,"href":"https:\/\/vinasfm.com\/noticias\/wp-json\/wp\/v2\/users\/7"}],"replies":[{"embeddable":true,"href":"https:\/\/vinasfm.com\/noticias\/wp-json\/wp\/v2\/comments?post=150952"}],"version-history":[{"count":2,"href":"https:\/\/vinasfm.com\/noticias\/wp-json\/wp\/v2\/posts\/150952\/revisions"}],"predecessor-version":[{"id":150955,"href":"https:\/\/vinasfm.com\/noticias\/wp-json\/wp\/v2\/posts\/150952\/revisions\/150955"}],"wp:featuredmedia":[{"embeddable":true,"href":"https:\/\/vinasfm.com\/noticias\/wp-json\/wp\/v2\/media\/150954"}],"wp:attachment":[{"href":"https:\/\/vinasfm.com\/noticias\/wp-json\/wp\/v2\/media?parent=150952"}],"wp:term":[{"taxonomy":"category","embeddable":true,"href":"https:\/\/vinasfm.com\/noticias\/wp-json\/wp\/v2\/categories?post=150952"},{"taxonomy":"post_tag","embeddable":true,"href":"https:\/\/vinasfm.com\/noticias\/wp-json\/wp\/v2\/tags?post=150952"}],"curies":[{"name":"wp","href":"https:\/\/api.w.org\/{rel}","templated":true}]}}