{"id":150947,"date":"2025-07-19T10:20:47","date_gmt":"2025-07-19T13:20:47","guid":{"rendered":"https:\/\/vinasfm.com\/noticias\/?p=150947"},"modified":"2025-07-21T09:49:48","modified_gmt":"2025-07-21T12:49:48","slug":"delincuentes-robaron-una-bicicleta-tras-romper-el-candado","status":"publish","type":"post","link":"https:\/\/vinasfm.com\/noticias\/delincuentes-robaron-una-bicicleta-tras-romper-el-candado\/","title":{"rendered":"DELINCUENTES ROBARON UNA BICICLETA TRAS ROMPER EL CANDADO"},"content":{"rendered":"<h4><strong><span style=\"color: #003300;\">En la noche del viernes, alrededor de las 20:00 horas, se registr\u00f3 un hecho de robo en inmediaciones del Pasaje Estrada, seg\u00fan informaron desde la Comisar\u00eda 14\u00b0.<\/span><\/strong><\/h4>\n<p>La v\u00edctima, una mujer de 42 a\u00f1os identificada como M.T., denunci\u00f3 que su hijo, un menor de 17 a\u00f1os, se encontraba en la plaza del lugar y hab\u00eda dejado su bicicleta \u2014<strong>una rodado 29, marca Scoop\u2014 apoyada en el aro de b\u00e1squet del espacio p\u00fablico.<\/strong> El rodado estaba asegurado con una medida de seguridad, la cual fue violentada por autor o autores desconocidos para concretar el robo.<\/p>\n<p>Actualmente, interviene en el caso la Oficina Fiscal de Jurisdicci\u00f3n, que lleva adelante las actuaciones correspondientes para esclarecer el hecho.<\/p>\n","protected":false},"excerpt":{"rendered":"<p>En la noche del viernes, alrededor de las 20:00 horas, se registr\u00f3 un hecho de robo en inmediaciones del Pasaje Estrada, &#8230;<\/p>\n","protected":false},"author":7,"featured_media":150950,"comment_status":"open","ping_status":"open","sticky":false,"template":"","format":"standard","meta":{"footnotes":""},"categories":[201,4],"tags":[],"class_list":["post-150947","post","type-post","status-publish","format-standard","has-post-thumbnail","hentry","category-inseguridad","category-policiales"],"_links":{"self":[{"href":"https:\/\/vinasfm.com\/noticias\/wp-json\/wp\/v2\/posts\/150947","targetHints":{"allow":["GET"]}}],"collection":[{"href":"https:\/\/vinasfm.com\/noticias\/wp-json\/wp\/v2\/posts"}],"about":[{"href":"https:\/\/vinasfm.com\/noticias\/wp-json\/wp\/v2\/types\/post"}],"author":[{"embeddable":true,"href":"https:\/\/vinasfm.com\/noticias\/wp-json\/wp\/v2\/users\/7"}],"replies":[{"embeddable":true,"href":"https:\/\/vinasfm.com\/noticias\/wp-json\/wp\/v2\/comments?post=150947"}],"version-history":[{"count":2,"href":"https:\/\/vinasfm.com\/noticias\/wp-json\/wp\/v2\/posts\/150947\/revisions"}],"predecessor-version":[{"id":150951,"href":"https:\/\/vinasfm.com\/noticias\/wp-json\/wp\/v2\/posts\/150947\/revisions\/150951"}],"wp:featuredmedia":[{"embeddable":true,"href":"https:\/\/vinasfm.com\/noticias\/wp-json\/wp\/v2\/media\/150950"}],"wp:attachment":[{"href":"https:\/\/vinasfm.com\/noticias\/wp-json\/wp\/v2\/media?parent=150947"}],"wp:term":[{"taxonomy":"category","embeddable":true,"href":"https:\/\/vinasfm.com\/noticias\/wp-json\/wp\/v2\/categories?post=150947"},{"taxonomy":"post_tag","embeddable":true,"href":"https:\/\/vinasfm.com\/noticias\/wp-json\/wp\/v2\/tags?post=150947"}],"curies":[{"name":"wp","href":"https:\/\/api.w.org\/{rel}","templated":true}]}}