{"id":150922,"date":"2025-07-18T10:25:10","date_gmt":"2025-07-18T13:25:10","guid":{"rendered":"https:\/\/vinasfm.com\/noticias\/?p=150922"},"modified":"2025-07-19T12:21:05","modified_gmt":"2025-07-19T15:21:05","slug":"alfredo-cornejo-viajara-a-buenos-aires-para-asistir-al-consejo-de-mayo-el-tema-clave-que-trataran","status":"publish","type":"post","link":"https:\/\/vinasfm.com\/noticias\/alfredo-cornejo-viajara-a-buenos-aires-para-asistir-al-consejo-de-mayo-el-tema-clave-que-trataran\/","title":{"rendered":"ALFREDO CORNEJO VIAJAR\u00c1 A BUENOS AIRES PARA ASISTIR AL CONSEJO DE MAYO: EL TEMA CLAVE QUE TRATAR\u00c1N"},"content":{"rendered":"<h4><strong><span style=\"color: #003300;\">El encuentro se realizar\u00e1 en Casa Rosada y, por pedido del Gobierno nacional, el punto central del encuentro ser\u00e1 avanzar con el proyecto de Reforma Laboral.<\/span><\/strong><\/h4>\n<p>El gobernador<strong>\u00a0Alfredo Cornejo<\/strong>\u00a0viajar\u00e1 a primera hora del lunes a la Ciudad de Buenos Aires para participar del segundo encuentro del\u00a0<strong>Consejo de Mayo<\/strong>. El tema central que plante\u00f3 el presidente\u00a0<strong>Javier Milei<\/strong>\u00a0ser\u00e1 avanzar con el proyecto de\u00a0Reforma laboral.<\/p>\n<article class=\"article-body article-body--second-paragraph\">\n<p data-start=\"610\" data-end=\"914\">El encuentro, pactado para las 9 de la ma\u00f1ana en la\u00a0<strong>Casa Rosada<\/strong>, ser\u00e1 encabezado por el jefe de Gabinete,<strong>\u00a0Guillermo Francos<\/strong>. La intenci\u00f3n del Ejecutivo es priorizar la reforma laboral que, seg\u00fan el Gobierno, deber\u00e1 concretarse necesariamente para poder dar paso, eventualmente, a una reforma previsional.<\/p>\n<\/article>\n<article class=\"article-body article-body--third-paragraph\">\n<p data-start=\"916\" data-end=\"1254\">Adem\u00e1s de Francos y Cornejo, en la mesa estar\u00e1n el ministro de Desarrollo y Transformaci\u00f3n del Estado,\u00a0<strong>Federico Sturzenegger<\/strong>; los representantes del Poder Legislativo,\u00a0<strong>Carolina Losada<\/strong>\u00a0y\u00a0<strong>Cristian Ritondo<\/strong>; el dirigente de la CGT,\u00a0<strong>Gerardo Mart\u00ednez<\/strong>; y el empresario\u00a0<strong>Mart\u00edn Rappallini<\/strong>, en representaci\u00f3n de la Uni\u00f3n Industrial Argentina (UIA).<\/p>\n<\/article>\n<article class=\"article-body article-body--fourth-paragraph\">\n<p data-start=\"1256\" data-end=\"1622\">La segunda reuni\u00f3n del Consejo de Mayo se dar\u00e1 en medio de las tensiones entre el Ejecutivo y los gobernadores, tras la media sanci\u00f3n en el Senado de los proyectos para redistribuir los\u00a0<strong>Aportes del Tesoro Nacional (ATN)\u00a0<\/strong>y el<strong>\u00a0Impuesto a los Combustibles L\u00edquidos<\/strong>. Estas iniciativas fueron impulsadas por los mandatarios provinciales sin el aval del Gobierno nacional.<\/p>\n<article class=\"article-body article-body--fifth-paragraph\">\n<p data-start=\"1624\" data-end=\"1800\">A su vez, ser\u00e1\u00a0el primer encuentro entre Cornejo y miembros del Ejecutivo\u00a0tras su decisi\u00f3n de unificar las elecciones provinciales con las nacionales, el pr\u00f3ximo 26 de octubre.<\/p>\n<\/article>\n<article class=\"article-body article-body--third-paragraph\">\n<p data-start=\"1802\" data-end=\"2127\">A esto se suma el \u201cinminente acuerdo\u201d entre\u00a0<strong>Cambia Mendoza<\/strong>\u00a0y\u00a0<strong>La Libertad Avanza<\/strong>, ya que el propio mandatario reconoci\u00f3 que \u201c<strong>est\u00e1n muy avanzadas las conversaciones\u201d<\/strong>\u00a0entre ambos espacios. Desde la Casa de Gobierno provincial aseguraron que el viaje de Cornejo tiene como \u00fanico objetivo asistir a la reuni\u00f3n del Consejo de Mayo.<\/p>\n<p data-start=\"1802\" data-end=\"2127\"><img decoding=\"async\" class=\"aligncenter\" src=\"https:\/\/media.istockphoto.com\/id\/1536454228\/es\/foto\/casa-rosada-oficina-del-presidente-de-argentina-ubicada-en-la-hist%C3%B3rica-plaza-de-mayo.jpg?s=612x612&amp;w=0&amp;k=20&amp;c=a9aem27TBUfmlZf5TWIZJfXTsLmy_CJ5QIDZoYRbQf4=\" alt=\"1.600+ Casa Rosada Fotograf\u00edas de stock, fotos e im\u00e1genes libres de derechos - iStock | Buenos aires, Argentina, Obelisco\" \/><\/p>\n<h2>\u00bfQu\u00e9 es el Consejo de Mayo?<\/h2>\n<p data-start=\"2162\" data-end=\"2411\">El Consejo de Mayo fue creado en 2023 y tiene como meta consolidar un paquete de reformas antes de fin de a\u00f1o. Esta segunda reuni\u00f3n se dar\u00e1 en un contexto de transici\u00f3n legislativa, con el recambio del Congreso tras las elecciones del 26 de octubre.<\/p>\n<p data-start=\"2413\" data-end=\"2737\">Entre los puntos clave del Pacto de Mayo figuran: la inviolabilidad de la propiedad privada, el equilibrio fiscal innegociable, la reducci\u00f3n del gasto p\u00fablico en torno al 25% del PBI, una reforma laboral y previsional, la simplificaci\u00f3n del sistema tributario y un compromiso con la educaci\u00f3n inicial, primaria y secundaria.<\/p>\n<h6 data-start=\"2413\" data-end=\"2737\">Los Andes<\/h6>\n<\/article>\n<\/article>\n","protected":false},"excerpt":{"rendered":"<p>El encuentro se realizar\u00e1 en Casa Rosada y, por pedido del Gobierno nacional, el punto central del encuentro ser\u00e1 avanzar con &#8230;<\/p>\n","protected":false},"author":7,"featured_media":150923,"comment_status":"open","ping_status":"open","sticky":false,"template":"","format":"standard","meta":{"footnotes":""},"categories":[5,7],"tags":[],"class_list":["post-150922","post","type-post","status-publish","format-standard","has-post-thumbnail","hentry","category-actualidad","category-politica"],"_links":{"self":[{"href":"https:\/\/vinasfm.com\/noticias\/wp-json\/wp\/v2\/posts\/150922","targetHints":{"allow":["GET"]}}],"collection":[{"href":"https:\/\/vinasfm.com\/noticias\/wp-json\/wp\/v2\/posts"}],"about":[{"href":"https:\/\/vinasfm.com\/noticias\/wp-json\/wp\/v2\/types\/post"}],"author":[{"embeddable":true,"href":"https:\/\/vinasfm.com\/noticias\/wp-json\/wp\/v2\/users\/7"}],"replies":[{"embeddable":true,"href":"https:\/\/vinasfm.com\/noticias\/wp-json\/wp\/v2\/comments?post=150922"}],"version-history":[{"count":2,"href":"https:\/\/vinasfm.com\/noticias\/wp-json\/wp\/v2\/posts\/150922\/revisions"}],"predecessor-version":[{"id":150925,"href":"https:\/\/vinasfm.com\/noticias\/wp-json\/wp\/v2\/posts\/150922\/revisions\/150925"}],"wp:featuredmedia":[{"embeddable":true,"href":"https:\/\/vinasfm.com\/noticias\/wp-json\/wp\/v2\/media\/150923"}],"wp:attachment":[{"href":"https:\/\/vinasfm.com\/noticias\/wp-json\/wp\/v2\/media?parent=150922"}],"wp:term":[{"taxonomy":"category","embeddable":true,"href":"https:\/\/vinasfm.com\/noticias\/wp-json\/wp\/v2\/categories?post=150922"},{"taxonomy":"post_tag","embeddable":true,"href":"https:\/\/vinasfm.com\/noticias\/wp-json\/wp\/v2\/tags?post=150922"}],"curies":[{"name":"wp","href":"https:\/\/api.w.org\/{rel}","templated":true}]}}