{"id":150920,"date":"2025-07-18T10:22:02","date_gmt":"2025-07-18T13:22:02","guid":{"rendered":"https:\/\/vinasfm.com\/noticias\/?p=150920"},"modified":"2025-07-19T12:21:24","modified_gmt":"2025-07-19T15:21:24","slug":"siniestro-vial-una-joven-sufrio-fracturas-tras-la-colision-entre-un-auto-y-una-moto","status":"publish","type":"post","link":"https:\/\/vinasfm.com\/noticias\/siniestro-vial-una-joven-sufrio-fracturas-tras-la-colision-entre-un-auto-y-una-moto\/","title":{"rendered":"SINIESTRO VIAL: UNA JOVEN SUFRI\u00d3 FRACTURAS TRAS LA COLISI\u00d3N ENTRE UN AUTO Y UNA MOTO"},"content":{"rendered":"<h4 data-start=\"241\" data-end=\"516\"><span style=\"color: #003300;\"><strong>En la noche del jueves, alrededor de las 20:55 horas, se registr\u00f3 un accidente vial en la intersecci\u00f3n de calles La Marzolina y Santa Fe, en el distrito de Alvear Oeste, dejando como saldo a dos personas lesionadas, una de ellas con heridas de gravedad.<\/strong><\/span><\/h4>\n<p data-start=\"518\" data-end=\"929\">Seg\u00fan la informaci\u00f3n policial, el siniestro ocurri\u00f3 cuando un <strong data-start=\"606\" data-end=\"625\">veh\u00edculo VW Gol<\/strong>, conducido por <strong data-start=\"641\" data-end=\"672\">J. S., una mujer de 37 a\u00f1os<\/strong>, circulaba por La Marzolina hacia el sur. Al llegar a la esquina con Santa Fe, colision\u00f3 con una <strong data-start=\"770\" data-end=\"798\">motocicleta Brava 110 cc<\/strong> que transitaba hacia el este, guiada por <strong data-start=\"840\" data-end=\"870\">B. M., un joven de 18 a\u00f1os<\/strong>, quien iba acompa\u00f1ado por <strong data-start=\"897\" data-end=\"928\">S. P., una joven de 19 a\u00f1os<\/strong>.<\/p>\n<p data-start=\"931\" data-end=\"1290\">Como consecuencia del impacto, ambos ocupantes de la moto resultaron lesionados y fueron trasladados de urgencia al hospital local. El conductor fue diagnosticado con <strong data-start=\"1098\" data-end=\"1124\">politraumatismos leves<\/strong> y fue <strong data-start=\"1131\" data-end=\"1147\">dado de alta<\/strong> poco despu\u00e9s. En tanto, su acompa\u00f1ante sufri\u00f3 <strong data-start=\"1194\" data-end=\"1246\">fractura de f\u00e9mur y tibia en la pierna izquierda<\/strong>, por lo que permanece bajo atenci\u00f3n m\u00e9dica.<\/p>\n<p data-start=\"1292\" data-end=\"1553\">El test de alcoholemia practicado a ambos conductores revel\u00f3 que la conductora del auto no presentaba alcohol en sangre (<strong data-start=\"1413\" data-end=\"1425\">0,00 g\/L<\/strong>), mientras que el joven motociclista arroj\u00f3 un resultado de <strong data-start=\"1486\" data-end=\"1498\">0,90 g\/L<\/strong>, superando el l\u00edmite permitido por la Ley de Tr\u00e1nsito.<\/p>\n<p data-start=\"1555\" data-end=\"1650\" data-is-last-node=\"\" data-is-only-node=\"\">\n","protected":false},"excerpt":{"rendered":"<p>En la noche del jueves, alrededor de las 20:55 horas, se registr\u00f3 un accidente vial en la intersecci\u00f3n de calles La &#8230;<\/p>\n","protected":false},"author":7,"featured_media":37001,"comment_status":"open","ping_status":"open","sticky":false,"template":"","format":"standard","meta":{"footnotes":""},"categories":[5,4],"tags":[],"class_list":["post-150920","post","type-post","status-publish","format-standard","has-post-thumbnail","hentry","category-actualidad","category-policiales"],"_links":{"self":[{"href":"https:\/\/vinasfm.com\/noticias\/wp-json\/wp\/v2\/posts\/150920","targetHints":{"allow":["GET"]}}],"collection":[{"href":"https:\/\/vinasfm.com\/noticias\/wp-json\/wp\/v2\/posts"}],"about":[{"href":"https:\/\/vinasfm.com\/noticias\/wp-json\/wp\/v2\/types\/post"}],"author":[{"embeddable":true,"href":"https:\/\/vinasfm.com\/noticias\/wp-json\/wp\/v2\/users\/7"}],"replies":[{"embeddable":true,"href":"https:\/\/vinasfm.com\/noticias\/wp-json\/wp\/v2\/comments?post=150920"}],"version-history":[{"count":2,"href":"https:\/\/vinasfm.com\/noticias\/wp-json\/wp\/v2\/posts\/150920\/revisions"}],"predecessor-version":[{"id":150957,"href":"https:\/\/vinasfm.com\/noticias\/wp-json\/wp\/v2\/posts\/150920\/revisions\/150957"}],"wp:featuredmedia":[{"embeddable":true,"href":"https:\/\/vinasfm.com\/noticias\/wp-json\/wp\/v2\/media\/37001"}],"wp:attachment":[{"href":"https:\/\/vinasfm.com\/noticias\/wp-json\/wp\/v2\/media?parent=150920"}],"wp:term":[{"taxonomy":"category","embeddable":true,"href":"https:\/\/vinasfm.com\/noticias\/wp-json\/wp\/v2\/categories?post=150920"},{"taxonomy":"post_tag","embeddable":true,"href":"https:\/\/vinasfm.com\/noticias\/wp-json\/wp\/v2\/tags?post=150920"}],"curies":[{"name":"wp","href":"https:\/\/api.w.org\/{rel}","templated":true}]}}