{"id":150878,"date":"2025-07-17T19:16:25","date_gmt":"2025-07-17T22:16:25","guid":{"rendered":"https:\/\/vinasfm.com\/noticias\/?p=150878"},"modified":"2025-07-19T12:25:15","modified_gmt":"2025-07-19T15:25:15","slug":"tres-dias-para-disfrutar-lo-mejor-de-los-sabores-y-los-paisajes-de-mendoza","status":"publish","type":"post","link":"https:\/\/vinasfm.com\/noticias\/tres-dias-para-disfrutar-lo-mejor-de-los-sabores-y-los-paisajes-de-mendoza\/","title":{"rendered":"TRES D\u00cdAS PARA DISFRUTAR LO MEJOR DE LOS SABORES Y LOS PAISAJES DE MENDOZA"},"content":{"rendered":"<h4><span style=\"color: #003300;\"><strong>Del viernes 25 al domingo 27, se podr\u00e1 disfrutar de m\u00faltiples propuestas relacionadas con los sabores identitarios de nuestra provincia y sus impactantes paisajes, a trav\u00e9s de visitas a m\u00e1s de 50 establecimientos en casi todos los departamentos de Mendoza.<\/strong><\/span><\/h4>\n<p>Coincidiendo con el fin de semana largo producido por el feriado provincial del viernes 25 de julio -Santo Patrono Santiago-, durante tres d\u00edas, se llevar\u00e1 adelante\u00a0<em>Paisajes con sabor a Mendoza Edici\u00f3n Invierno.\u00a0<\/em>Se trata de un ciclo en el que <strong>m\u00e1s de 50 prestadores ofrecer\u00e1n experiencias aut\u00e9nticas y de lo m\u00e1s variadas,<\/strong> que ir\u00e1n desde recorridos por almazaras y huertas hasta visitas a talleres de artesan\u00edas, degustaciones y gastronom\u00eda especial, elaborada con productos de estaci\u00f3n.<\/p>\n<p><span style=\"color: #003366;\"><strong>Gabriela Testa<\/strong><\/span>, presidenta del Emetur, coment\u00f3 que <em><strong>\u201cla ventaja de este ciclo es que se podr\u00e1n adquirir y degustar diversos productos, en su lugar de origen. Es una verdadera invitaci\u00f3n a acercarse a los productores de la cadena de valor de los alimentos mendocinos\u201d.<\/strong><\/em><\/p>\n<p><strong><em>\u201cCabe destacar que este ciclo se suma a las nuevas propuestas que la actual gesti\u00f3n del Emetur cre\u00f3 para sumar nuevos productos tur\u00edsticos al destino, con el objetivo de diversificar la oferta de Mendoza\u201d<\/em><\/strong>, agreg\u00f3 la funcionaria.<\/p>\n<p>Los lugares donde se podr\u00e1n disfrutar de las experiencias de\u00a0<em>Paisajes con sabor a Mendoza Edici\u00f3n Invierno\u00a0<\/em>se encuentran en <strong>Ciudad de Mendoza, General Alvear, Godoy Cruz, San Mart\u00edn, San Rafael, Las Heras, Tunuy\u00e1n, Tupungato, en Malarg\u00fce, Agua Botada; Asunci\u00f3n, en Lavalle; Chachingo y Lunlunta, en \u041c\u0430\u0456\u0440\u00fa; La Consulta, en San Carlos; Las Paredes, en San Rafael, y Perdriel, en Luj\u00e1n de Cuyo.<\/strong><\/p>\n<p>En los establecimientos de los prestadores tur\u00edsticos que se suman a este ciclo se podr\u00e1 disfrutar de:<\/p>\n<ul>\n<li>\u00a0Recorridos por chacras, almazaras, destiler\u00edas, huertas de arom\u00e1ticas y talleres artesanales.<\/li>\n<li>Degustaciones y venta de productos como aceites, quesos, dulces, frutos secos, infusiones y conservas.<\/li>\n<li>Almuerzos y meriendas en cocinas de cercan\u00eda, con men\u00fas dise\u00f1ados especialmente para la ocasi\u00f3n.<\/li>\n<li>Talleres, catas y experiencias participativas con cocineros y productores.<\/li>\n<\/ul>\n<p>La oferta es tan amplia que se podr\u00e1n disfrutar desde visitas gratuitas a realizar consumos gastron\u00f3micos de hasta $20.000.<\/p>\n<p>Ser\u00e1 una oportunidad imperdible para descubrir Mendoza desde sus sabores m\u00e1s profundos, en contacto directo con quienes los producen y los transforman en experiencias inolvidables.<\/p>\n<p><img loading=\"lazy\" decoding=\"async\" class=\"aligncenter\" src=\"https:\/\/www.mendoza.gov.ar\/wp-content\/uploads\/sites\/5\/2025\/07\/ME80561-1-700x467.jpg\" width=\"600\" height=\"400\" \/><\/p>\n<h2><strong><em>Paisajes con sabor a Mendoza Edici\u00f3n Invierno<\/em><\/strong><\/h2>\n<p>Este ciclo es impulsado por el<strong> Gobierno de Mendoza<\/strong>, a trav\u00e9s del <strong>Ente Mendoza Turismo<\/strong> (Emetur), en colaboraci\u00f3n con los municipios y el sector privado, en el marco del programa\u00a0<em>Vivencias Mendocinas<\/em>, para poner en valor el turismo sostenible, de cercan\u00eda y con participaci\u00f3n comunitaria.<\/p>\n<p>En esta edici\u00f3n, <strong>se destacar\u00e1n los sabores t\u00edpicos mendocinos, con arom\u00e1ticas, miel, conservas, frutos secos, aceite de oliva virgen extra (AOVE), quesos y charcuter\u00eda artesanal.<\/strong><\/p>\n<p>La informaci\u00f3n completa se publicar\u00e1 en la\u00a0<a href=\"http:\/\/www.mendoza.tur.ar\/\" data-type=\"URL\" data-id=\"www.mendoza.tur.ar\">p\u00e1gina oficial del evento<\/a>. All\u00ed, se podr\u00e1 consultar el detalle de cada una de las propuestas del ciclo.<\/p>\n<h3><strong><em>Vivencias Mendocinas<\/em>, cada vez con m\u00e1s adhesiones<\/strong><\/h3>\n<p>Este ciclo est\u00e1 enmarcado en<em>\u00a0Vivencias Mendocinas,\u00a0<\/em>un programa tur\u00edstico del Emetur dise\u00f1ado para que mendocinos y turistas puedan conocer la provincia a trav\u00e9s de experiencias que conectan con la cultura y el paisaje mendocino.<\/p>\n<p>El <em>director de Desarrollo Tur\u00edstico e Innovaci\u00f3n<\/em>, <span style=\"color: #003366;\"><strong>Marcelo Reynoso<\/strong><\/span> coment\u00f3: <strong>\u201cEl antecedente inmediato a esta propuesta invernal fue el ciclo<em>\u00a0Las Casas Abiertas<\/em>, llevado a cabo los d\u00edas 20 y 21 de junio. Tambi\u00e9n en el seno de\u00a0<em>Vivencias Mendocinas\u00a0<\/em>y como parte del proyecto\u00a0<em>Casas, Casonas y Altares<\/em>, la propuesta permiti\u00f3 vivenciar diversos paisajes culturales con el exquisito marco que otorgaron la arquitectura, el arte mobiliario y la trascendencia hist\u00f3rica de casi 40 aut\u00e9nticas casas y casonas mendocinas\u201d.<\/strong><\/p>\n<p><em><strong>\u201cEl importante acompa\u00f1amiento de p\u00fablico as\u00ed como el entusiasmo que el resultado del ciclo provoc\u00f3 en los prestadores adherentes permiten mirar el futuro de\u00a0Vivencias Mendocinas\u00a0de manera auspiciosa\u201d<\/strong><\/em>, agreg\u00f3 el funcionario.<\/p>\n<p>A trav\u00e9s de estas acciones, el Gobierno de Mendoza contin\u00faa fortaleciendo un modelo de turismo basado en el desarrollo local, la identidad cultural y la valorizaci\u00f3n de los productos mendocinos.<\/p>\n","protected":false},"excerpt":{"rendered":"<p>Del viernes 25 al domingo 27, se podr\u00e1 disfrutar de m\u00faltiples propuestas relacionadas con los sabores identitarios de nuestra provincia y &#8230;<\/p>\n","protected":false},"author":7,"featured_media":150879,"comment_status":"open","ping_status":"open","sticky":false,"template":"","format":"standard","meta":{"footnotes":""},"categories":[5,21],"tags":[],"class_list":["post-150878","post","type-post","status-publish","format-standard","has-post-thumbnail","hentry","category-actualidad","category-turismo-2"],"_links":{"self":[{"href":"https:\/\/vinasfm.com\/noticias\/wp-json\/wp\/v2\/posts\/150878","targetHints":{"allow":["GET"]}}],"collection":[{"href":"https:\/\/vinasfm.com\/noticias\/wp-json\/wp\/v2\/posts"}],"about":[{"href":"https:\/\/vinasfm.com\/noticias\/wp-json\/wp\/v2\/types\/post"}],"author":[{"embeddable":true,"href":"https:\/\/vinasfm.com\/noticias\/wp-json\/wp\/v2\/users\/7"}],"replies":[{"embeddable":true,"href":"https:\/\/vinasfm.com\/noticias\/wp-json\/wp\/v2\/comments?post=150878"}],"version-history":[{"count":1,"href":"https:\/\/vinasfm.com\/noticias\/wp-json\/wp\/v2\/posts\/150878\/revisions"}],"predecessor-version":[{"id":150880,"href":"https:\/\/vinasfm.com\/noticias\/wp-json\/wp\/v2\/posts\/150878\/revisions\/150880"}],"wp:featuredmedia":[{"embeddable":true,"href":"https:\/\/vinasfm.com\/noticias\/wp-json\/wp\/v2\/media\/150879"}],"wp:attachment":[{"href":"https:\/\/vinasfm.com\/noticias\/wp-json\/wp\/v2\/media?parent=150878"}],"wp:term":[{"taxonomy":"category","embeddable":true,"href":"https:\/\/vinasfm.com\/noticias\/wp-json\/wp\/v2\/categories?post=150878"},{"taxonomy":"post_tag","embeddable":true,"href":"https:\/\/vinasfm.com\/noticias\/wp-json\/wp\/v2\/tags?post=150878"}],"curies":[{"name":"wp","href":"https:\/\/api.w.org\/{rel}","templated":true}]}}