{"id":150835,"date":"2025-07-16T11:57:55","date_gmt":"2025-07-16T14:57:55","guid":{"rendered":"https:\/\/vinasfm.com\/noticias\/?p=150835"},"modified":"2025-07-17T10:03:38","modified_gmt":"2025-07-17T13:03:38","slug":"se-desarrollo-con-gran-exito-la-campana-de-donacion-de-sangre-y-medula-osea","status":"publish","type":"post","link":"https:\/\/vinasfm.com\/noticias\/se-desarrollo-con-gran-exito-la-campana-de-donacion-de-sangre-y-medula-osea\/","title":{"rendered":"SE DESARROLL\u00d3 CON GRAN \u00c9XITO LA CAMPA\u00d1A DE DONACI\u00d3N DE SANGRE Y M\u00c9DULA \u00d3SEA"},"content":{"rendered":"<h4>En la ma\u00f1ana de hoy se llev\u00f3 a cabo una jornada solidaria de donaci\u00f3n de sangre y m\u00e9dula \u00f3sea en el Sal\u00f3n San Mart\u00edn del Honorable Concejo Deliberante. La actividad fue organizada de manera conjunta por el HCD, el Hospital Enfermeros Argentinos, la Municipalidad de General Alvear y el Centro Regional de Hemoterapia.<\/h4>\n<p>La iniciativa, que forma parte de la campa\u00f1a anual de donaci\u00f3n, cont\u00f3 con una importante participaci\u00f3n de vecinos que se acercaron con el objetivo de contribuir de manera voluntaria y altruista. En total, se registraron alrededor de 42 inscriptos, quienes fueron atendidos en turnos previamente organizados para agilizar el proceso y evitar largas esperas. Adem\u00e1s, concurrieron vecinos sin turnos para realizar la donaci\u00f3n.<\/p>\n<p><strong><span style=\"color: #800080;\">Anal\u00eda Garc\u00eda<\/span><\/strong>, responsable del \u00c1rea de Municipio Saludable, destac\u00f3 la organizaci\u00f3n y el trabajo en equipo entre las instituciones involucradas. <em><strong>\u201cestamos con la campa\u00f1a de donaci\u00f3n de sangre y m\u00e9dula que realizamos en forma conjunta con el Concejo Deliberante y el hospital. La verdad que estamos muy contentos, porque ha sido una jornada ordenada y con gran convocatoria\u201d<\/strong><\/em>, se\u00f1al\u00f3.<\/p>\n<p><strong><span style=\"color: #800080;\">Garc\u00eda<\/span><\/strong> explic\u00f3 que se estableci\u00f3 un sistema de turnos con intervalos de 15 minutos y tres personas por turno, lo que permiti\u00f3 que el procedimiento se desarrollara de forma \u00e1gil y sin demoras. <em><strong>\u201cuno de los puntos cr\u00edticos del a\u00f1o pasado era la espera. Este a\u00f1o logramos que todo fuera m\u00e1s r\u00e1pido y eficiente\u201d<\/strong><\/em>, agreg\u00f3.<\/p>\n<p>Adem\u00e1s, desde el programa Municipio Saludable se dispuso un refrigerio saludable para quienes realizaron la donaci\u00f3n, como parte de los cuidados posteriores al procedimiento.<em><strong> \u201cpreparamos una colaci\u00f3n para que las personas que donaron puedan recuperar energ\u00eda y degustar algo rico y nutritivo\u201d<\/strong><\/em>, coment\u00f3.<\/p>\n<p>La jornada se enmarca en las acciones de promoci\u00f3n de la salud y fortalecimiento de la solidaridad comunitaria que impulsa el municipio, junto a diferentes instituciones del departamento.<br \/>\nDesde la organizaci\u00f3n se mostraron satisfechos con los resultados y adelantaron que se continuar\u00e1 trabajando en nuevas actividades de este tipo a lo largo del a\u00f1o.<\/p>\n","protected":false},"excerpt":{"rendered":"<p>En la ma\u00f1ana de hoy se llev\u00f3 a cabo una jornada solidaria de donaci\u00f3n de sangre y m\u00e9dula \u00f3sea en el &#8230;<\/p>\n","protected":false},"author":7,"featured_media":150836,"comment_status":"open","ping_status":"open","sticky":false,"template":"","format":"standard","meta":{"footnotes":""},"categories":[15,11],"tags":[],"class_list":["post-150835","post","type-post","status-publish","format-standard","has-post-thumbnail","hentry","category-salud","category-sociales"],"_links":{"self":[{"href":"https:\/\/vinasfm.com\/noticias\/wp-json\/wp\/v2\/posts\/150835","targetHints":{"allow":["GET"]}}],"collection":[{"href":"https:\/\/vinasfm.com\/noticias\/wp-json\/wp\/v2\/posts"}],"about":[{"href":"https:\/\/vinasfm.com\/noticias\/wp-json\/wp\/v2\/types\/post"}],"author":[{"embeddable":true,"href":"https:\/\/vinasfm.com\/noticias\/wp-json\/wp\/v2\/users\/7"}],"replies":[{"embeddable":true,"href":"https:\/\/vinasfm.com\/noticias\/wp-json\/wp\/v2\/comments?post=150835"}],"version-history":[{"count":1,"href":"https:\/\/vinasfm.com\/noticias\/wp-json\/wp\/v2\/posts\/150835\/revisions"}],"predecessor-version":[{"id":150837,"href":"https:\/\/vinasfm.com\/noticias\/wp-json\/wp\/v2\/posts\/150835\/revisions\/150837"}],"wp:featuredmedia":[{"embeddable":true,"href":"https:\/\/vinasfm.com\/noticias\/wp-json\/wp\/v2\/media\/150836"}],"wp:attachment":[{"href":"https:\/\/vinasfm.com\/noticias\/wp-json\/wp\/v2\/media?parent=150835"}],"wp:term":[{"taxonomy":"category","embeddable":true,"href":"https:\/\/vinasfm.com\/noticias\/wp-json\/wp\/v2\/categories?post=150835"},{"taxonomy":"post_tag","embeddable":true,"href":"https:\/\/vinasfm.com\/noticias\/wp-json\/wp\/v2\/tags?post=150835"}],"curies":[{"name":"wp","href":"https:\/\/api.w.org\/{rel}","templated":true}]}}