{"id":150790,"date":"2025-07-15T10:12:34","date_gmt":"2025-07-15T13:12:34","guid":{"rendered":"https:\/\/vinasfm.com\/noticias\/?p=150790"},"modified":"2025-07-16T09:58:27","modified_gmt":"2025-07-16T12:58:27","slug":"el-uso-del-imei-una-herramienta-clave-para-prevenir-el-robo-de-telefono-celulares","status":"publish","type":"post","link":"https:\/\/vinasfm.com\/noticias\/el-uso-del-imei-una-herramienta-clave-para-prevenir-el-robo-de-telefono-celulares\/","title":{"rendered":"EL USO DEL IMEI, UNA HERRAMIENTA CLAVE PARA PREVENIR EL ROBO DE TEL\u00c9FONO CELULARES"},"content":{"rendered":"<h4><span style=\"color: #003300;\"><strong>El Gobierno provincial articula acciones de control que, a trav\u00e9s del IMEI, permiten detectar dispositivos robados y bloquear su funcionamiento. Esta estrategia preventiva est\u00e1 respaldada por la Ley 9556, que regula la compraventa de bienes usados.<\/strong><\/span><\/h4>\n<p>En el marco de las <strong>acciones de prevenci\u00f3n del delito y recuperaci\u00f3n de bienes<\/strong> que lleva adelante el<strong> Ministerio de Seguridad y Justicia<\/strong>, el uso del c\u00f3digo IMEI se ha convertido en una herramienta central. Esta tecnolog\u00eda permite identificar de forma \u00fanica cada dispositivo, verificar si fue denunciado como robado, bloquearlo e iniciar su restituci\u00f3n al titular leg\u00edtimo, en el marco de la Ley 9556, que regula la compraventa de bienes usados.<\/p>\n<p>El <strong>IMEI (<\/strong><em>International Mobile Equipment Identity<\/em>) es un n\u00famero \u00fanico de 15 d\u00edgitos que todo tel\u00e9fono m\u00f3vil posee. Puede consultarse<strong> marcando *#06# en el dispositivo, o bien revisando la caja original o el interior del equipo.<\/strong> Este c\u00f3digo no est\u00e1 vinculado a la l\u00ednea telef\u00f3nica ni a la persona usuaria sino al aparato en s\u00ed, lo que permite desvincularlo de un chip y bloquearlo de forma remota en caso de robo o p\u00e9rdida.<\/p>\n<p><a href=\"https:\/\/vinasfm.com\/noticias\/wp-content\/uploads\/2025\/07\/518998380_1314801660338139_2802338950537631116_n.jpg\"><img loading=\"lazy\" decoding=\"async\" class=\"alignnone wp-image-150792\" src=\"https:\/\/vinasfm.com\/noticias\/wp-content\/uploads\/2025\/07\/518998380_1314801660338139_2802338950537631116_n-819x1024.jpg\" alt=\"\" width=\"360\" height=\"450\" srcset=\"https:\/\/vinasfm.com\/noticias\/wp-content\/uploads\/2025\/07\/518998380_1314801660338139_2802338950537631116_n-819x1024.jpg 819w, https:\/\/vinasfm.com\/noticias\/wp-content\/uploads\/2025\/07\/518998380_1314801660338139_2802338950537631116_n-240x300.jpg 240w, https:\/\/vinasfm.com\/noticias\/wp-content\/uploads\/2025\/07\/518998380_1314801660338139_2802338950537631116_n-768x960.jpg 768w, https:\/\/vinasfm.com\/noticias\/wp-content\/uploads\/2025\/07\/518998380_1314801660338139_2802338950537631116_n.jpg 1080w\" sizes=\"auto, (max-width: 360px) 100vw, 360px\" \/><\/a><a href=\"https:\/\/vinasfm.com\/noticias\/wp-content\/uploads\/2025\/07\/519678027_1263283284996357_164731481170972233_n.jpg\"><img loading=\"lazy\" decoding=\"async\" class=\"alignnone wp-image-150791\" src=\"https:\/\/vinasfm.com\/noticias\/wp-content\/uploads\/2025\/07\/519678027_1263283284996357_164731481170972233_n-819x1024.jpg\" alt=\"\" width=\"360\" height=\"450\" srcset=\"https:\/\/vinasfm.com\/noticias\/wp-content\/uploads\/2025\/07\/519678027_1263283284996357_164731481170972233_n-819x1024.jpg 819w, https:\/\/vinasfm.com\/noticias\/wp-content\/uploads\/2025\/07\/519678027_1263283284996357_164731481170972233_n-240x300.jpg 240w, https:\/\/vinasfm.com\/noticias\/wp-content\/uploads\/2025\/07\/519678027_1263283284996357_164731481170972233_n-768x960.jpg 768w, https:\/\/vinasfm.com\/noticias\/wp-content\/uploads\/2025\/07\/519678027_1263283284996357_164731481170972233_n.jpg 1080w\" sizes=\"auto, (max-width: 360px) 100vw, 360px\" \/><\/a><\/p>\n<p>En Mendoza, <strong>su uso est\u00e1 directamente asociado a la aplicaci\u00f3n de la Ley 9556, que introdujo un sistema de seguimiento para equipos electr\u00f3nicos.<\/strong> Esta normativa obliga a los comercios que venden tel\u00e9fonos celulares usados a declarar los IMEI, a fin de <strong>verificar que los dispositivos no provengan de hechos delictivos.<\/strong><\/p>\n<p>La Polic\u00eda de Mendoza cruza esos datos con bases nacionales, como la administrada por el Enacom, donde se cargan los IMEI denunciados como robados o extraviados.<strong> Si un equipo aparece en esa \u201clista negra\u201d, queda inhabilitado para operar en redes m\u00f3viles.<\/strong> De esta manera, no solo se dificulta su comercializaci\u00f3n ilegal sino que tambi\u00e9n se facilita su devoluci\u00f3n al propietario original.<\/p>\n","protected":false},"excerpt":{"rendered":"<p>El Gobierno provincial articula acciones de control que, a trav\u00e9s del IMEI, permiten detectar dispositivos robados y bloquear su funcionamiento. Esta &#8230;<\/p>\n","protected":false},"author":7,"featured_media":150794,"comment_status":"open","ping_status":"open","sticky":false,"template":"","format":"standard","meta":{"footnotes":""},"categories":[10,33],"tags":[],"class_list":["post-150790","post","type-post","status-publish","format-standard","has-post-thumbnail","hentry","category-destacadas","category-seguridad"],"_links":{"self":[{"href":"https:\/\/vinasfm.com\/noticias\/wp-json\/wp\/v2\/posts\/150790","targetHints":{"allow":["GET"]}}],"collection":[{"href":"https:\/\/vinasfm.com\/noticias\/wp-json\/wp\/v2\/posts"}],"about":[{"href":"https:\/\/vinasfm.com\/noticias\/wp-json\/wp\/v2\/types\/post"}],"author":[{"embeddable":true,"href":"https:\/\/vinasfm.com\/noticias\/wp-json\/wp\/v2\/users\/7"}],"replies":[{"embeddable":true,"href":"https:\/\/vinasfm.com\/noticias\/wp-json\/wp\/v2\/comments?post=150790"}],"version-history":[{"count":1,"href":"https:\/\/vinasfm.com\/noticias\/wp-json\/wp\/v2\/posts\/150790\/revisions"}],"predecessor-version":[{"id":150795,"href":"https:\/\/vinasfm.com\/noticias\/wp-json\/wp\/v2\/posts\/150790\/revisions\/150795"}],"wp:featuredmedia":[{"embeddable":true,"href":"https:\/\/vinasfm.com\/noticias\/wp-json\/wp\/v2\/media\/150794"}],"wp:attachment":[{"href":"https:\/\/vinasfm.com\/noticias\/wp-json\/wp\/v2\/media?parent=150790"}],"wp:term":[{"taxonomy":"category","embeddable":true,"href":"https:\/\/vinasfm.com\/noticias\/wp-json\/wp\/v2\/categories?post=150790"},{"taxonomy":"post_tag","embeddable":true,"href":"https:\/\/vinasfm.com\/noticias\/wp-json\/wp\/v2\/tags?post=150790"}],"curies":[{"name":"wp","href":"https:\/\/api.w.org\/{rel}","templated":true}]}}