{"id":150769,"date":"2025-07-15T08:14:35","date_gmt":"2025-07-15T11:14:35","guid":{"rendered":"https:\/\/vinasfm.com\/noticias\/?p=150769"},"modified":"2025-07-15T10:28:11","modified_gmt":"2025-07-15T13:28:11","slug":"con-cambios-en-el-sentido-de-circulacion-vial-se-habilita-este-martes-15-de-julio-el-canon-del-atuel","status":"publish","type":"post","link":"https:\/\/vinasfm.com\/noticias\/con-cambios-en-el-sentido-de-circulacion-vial-se-habilita-este-martes-15-de-julio-el-canon-del-atuel\/","title":{"rendered":"CON CAMBIOS EN EL SENTIDO DE CIRCULACI\u00d3N VIAL, SE HABILITA ESTE MARTES 15 DE JULIO EL CA\u00d1\u00d3N DEL ATUEL"},"content":{"rendered":"<h4><span style=\"color: #003300;\"><strong>Imperar\u00e1 el sentido de circulaci\u00f3n \u00fanico en una parte del trayecto, pero desde la Central 1 en direcci\u00f3n a Valle Grande.<\/strong><\/span><\/h4>\n<p>El circuito tur\u00edstico del <strong>Ca\u00f1\u00f3n del Atuel<\/strong> (RP 173) <strong>quedar\u00e1 habilitado al tr\u00e1nsito vial en toda su extensi\u00f3n a partir de este 15 de julio<\/strong>, pero con cambios en el sentido de circulaci\u00f3n anunciado, para beneficiar a los prestadores tur\u00edsticos, como ellos mismos lo solicitaron a trav\u00e9s de las c\u00e1maras empresarias de San Rafael.<\/p>\n<p>De este modo, <strong>el tradicional paseo tur\u00edstico queda transitable en los plazos y metas que el Gobierno provincial propuso oportunamente<\/strong>, cumpliendo con lo planificado en enero, tras el aluvi\u00f3n del d\u00eda 11.<\/p>\n<p><img loading=\"lazy\" decoding=\"async\" class=\"aligncenter\" src=\"https:\/\/www.mendoza.gov.ar\/wp-content\/uploads\/sites\/5\/2025\/07\/DJI_0833.jpg\" width=\"601\" height=\"338\" \/><\/p>\n<p>A partir de este martes, se podr\u00e1 transitar el camino de punta a punta, pero solo en sentido descendente, esto es, <strong>desde el embalse El Nihuil hasta el embalse Valle Grande.<\/strong><\/p>\n<p>Esto es as\u00ed, porque el trayecto tendr\u00e1 un solo sentido de circulaci\u00f3n vial, que comenzar\u00e1 en la Central Hidroel\u00e9ctrica N\u00ba1 hasta el km 9 de Valle Grande, es decir, hasta 9 kil\u00f3metros antes del murall\u00f3n de la presa.<\/p>\n<p>Mientras tanto, los tramos ubicados a los extremos del circuito s\u00ed tendr\u00e1n doble circulaci\u00f3n habilitada para el tr\u00e1nsito vial. Se trata de los tramos que se extienden desde la RP 180 \u2013 Embalse El Nihuil hasta la Central Hidroel\u00e9ctrica N\u00ba1 y desde el pared\u00f3n del dique Valle Grande hasta el km 9.<\/p>\n<p>La habilitaci\u00f3n vial regir\u00e1 para para motos, autom\u00f3viles, camionetas, combis, minibuses de hasta 10 metros de longitud y camiones 4 por 4 para pasajeros, siendo la velocidad m\u00e1xima permitida de 40 km por hora, con la recomendaci\u00f3n de no transitar en horario nocturno por ning\u00fan motivo.<\/p>\n<p>De hecho, en los \u00faltimos d\u00edas, Vialidad Mendoza coloc\u00f3 carteler\u00eda en ambos lados del circuito del Ca\u00f1\u00f3n del Atuel que indica:<em><strong> \u201cCamino no apto para circulaci\u00f3n nocturna. Si circula de noche, lo hace bajo su propia responsabilidad\u201d.<\/strong><\/em><\/p>\n<p>La raz\u00f3n de la advertencia reside en que el tramo recientemente recuperado entre las centrales hidroel\u00e9ctricas N\u00ba3 y N\u00ba1 a\u00fan est\u00e1 en obra, solo apto para ser transitado en un sentido y con equipos de Vialidad Mendoza e Hidr\u00e1ulica que quedan en el lugar, porque se continuar\u00e1 trabajando para normalizarlo totalmente.<\/p>\n<p>Tambi\u00e9n se coloc\u00f3 carteler\u00eda con la advertencia de \u201cContramano\u201d para alertar el punto en donde no se puede seguir avanzando si se viaja desde Valle Grande en direcci\u00f3n a los Nihuiles.<\/p>\n","protected":false},"excerpt":{"rendered":"<p>Imperar\u00e1 el sentido de circulaci\u00f3n \u00fanico en una parte del trayecto, pero desde la Central 1 en direcci\u00f3n a Valle Grande. &#8230;<\/p>\n","protected":false},"author":7,"featured_media":150770,"comment_status":"open","ping_status":"open","sticky":false,"template":"","format":"standard","meta":{"footnotes":""},"categories":[10,79],"tags":[],"class_list":["post-150769","post","type-post","status-publish","format-standard","has-post-thumbnail","hentry","category-destacadas","category-vialidad"],"_links":{"self":[{"href":"https:\/\/vinasfm.com\/noticias\/wp-json\/wp\/v2\/posts\/150769","targetHints":{"allow":["GET"]}}],"collection":[{"href":"https:\/\/vinasfm.com\/noticias\/wp-json\/wp\/v2\/posts"}],"about":[{"href":"https:\/\/vinasfm.com\/noticias\/wp-json\/wp\/v2\/types\/post"}],"author":[{"embeddable":true,"href":"https:\/\/vinasfm.com\/noticias\/wp-json\/wp\/v2\/users\/7"}],"replies":[{"embeddable":true,"href":"https:\/\/vinasfm.com\/noticias\/wp-json\/wp\/v2\/comments?post=150769"}],"version-history":[{"count":1,"href":"https:\/\/vinasfm.com\/noticias\/wp-json\/wp\/v2\/posts\/150769\/revisions"}],"predecessor-version":[{"id":150771,"href":"https:\/\/vinasfm.com\/noticias\/wp-json\/wp\/v2\/posts\/150769\/revisions\/150771"}],"wp:featuredmedia":[{"embeddable":true,"href":"https:\/\/vinasfm.com\/noticias\/wp-json\/wp\/v2\/media\/150770"}],"wp:attachment":[{"href":"https:\/\/vinasfm.com\/noticias\/wp-json\/wp\/v2\/media?parent=150769"}],"wp:term":[{"taxonomy":"category","embeddable":true,"href":"https:\/\/vinasfm.com\/noticias\/wp-json\/wp\/v2\/categories?post=150769"},{"taxonomy":"post_tag","embeddable":true,"href":"https:\/\/vinasfm.com\/noticias\/wp-json\/wp\/v2\/tags?post=150769"}],"curies":[{"name":"wp","href":"https:\/\/api.w.org\/{rel}","templated":true}]}}