{"id":150759,"date":"2025-07-14T11:50:25","date_gmt":"2025-07-14T14:50:25","guid":{"rendered":"https:\/\/vinasfm.com\/noticias\/?p=150759"},"modified":"2025-07-15T09:58:29","modified_gmt":"2025-07-15T12:58:29","slug":"las-fechas-clave-de-cara-a-las-elecciones-generales-en-mendoza","status":"publish","type":"post","link":"https:\/\/vinasfm.com\/noticias\/las-fechas-clave-de-cara-a-las-elecciones-generales-en-mendoza\/","title":{"rendered":"LAS FECHAS CLAVE DE CARA A LAS ELECCIONES GENERALES EN MENDOZA"},"content":{"rendered":"<h4><strong><span style=\"color: #003300;\">Desde el registro de alianzas hasta la veda electoral, el cronograma oficial ya tiene d\u00edas definidos. Las elecciones generales ser\u00e1n el 26 de octubre, pero el proceso comienza en julio.<\/span><\/strong><\/h4>\n<p>Con la fecha de elecciones generales confirmada para el\u00a0<strong>domingo 26 de octubre de 2025<\/strong>, el Gobierno de Mendoza dio a conocer el\u00a0<strong>cronograma electoral completo<\/strong>, que detalla todas las instancias previas del proceso democr\u00e1tico.<\/p>\n<p>Estas son las\u00a0<strong>fechas clave del calendario electoral mendocino<\/strong>:<\/p>\n<ul class=\"wp-block-list\">\n<li><strong>18 de julio<\/strong>: fecha l\u00edmite para convocar a elecciones generales.<\/li>\n<li><strong>7 de agosto<\/strong>: vence el plazo para el registro de alianzas y confederaciones.<\/li>\n<li><strong>12 de agosto<\/strong>: fecha l\u00edmite para solicitar la asignaci\u00f3n de colores partidarios.<\/li>\n<li><strong>17 de agosto<\/strong>: cierre del plazo para presentar candidaturas.<\/li>\n<li><strong>27 de agosto<\/strong>: comienzo oficial de la campa\u00f1a electoral.<\/li>\n<li><strong>1 de septiembre<\/strong>: se exhiben los dise\u00f1os de las Boletas \u00danicas de Papel.<\/li>\n<li><strong>16 de septiembre<\/strong>: designaci\u00f3n de autoridades de mesa.<\/li>\n<li><strong>21 de septiembre<\/strong>: arranca la campa\u00f1a en medios audiovisuales.<\/li>\n<li><strong>24 de octubre<\/strong>: cierre de campa\u00f1a y comienzo de la veda electoral.<\/li>\n<li><strong>26 de octubre<\/strong>: se celebran las Elecciones Generales.<\/li>\n<\/ul>\n<p>En este proceso, el electorado mendocino deber\u00e1 elegir a\u00a0<strong>senadores y diputados provinciales<\/strong>\u00a0en proporci\u00f3n a cada secci\u00f3n electoral, adem\u00e1s de los cargos nacionales y municipales que correspondan.<\/p>\n","protected":false},"excerpt":{"rendered":"<p>Desde el registro de alianzas hasta la veda electoral, el cronograma oficial ya tiene d\u00edas definidos. Las elecciones generales ser\u00e1n el &#8230;<\/p>\n","protected":false},"author":7,"featured_media":150760,"comment_status":"open","ping_status":"open","sticky":false,"template":"","format":"standard","meta":{"footnotes":""},"categories":[10,23],"tags":[],"class_list":["post-150759","post","type-post","status-publish","format-standard","has-post-thumbnail","hentry","category-destacadas","category-elecciones"],"_links":{"self":[{"href":"https:\/\/vinasfm.com\/noticias\/wp-json\/wp\/v2\/posts\/150759","targetHints":{"allow":["GET"]}}],"collection":[{"href":"https:\/\/vinasfm.com\/noticias\/wp-json\/wp\/v2\/posts"}],"about":[{"href":"https:\/\/vinasfm.com\/noticias\/wp-json\/wp\/v2\/types\/post"}],"author":[{"embeddable":true,"href":"https:\/\/vinasfm.com\/noticias\/wp-json\/wp\/v2\/users\/7"}],"replies":[{"embeddable":true,"href":"https:\/\/vinasfm.com\/noticias\/wp-json\/wp\/v2\/comments?post=150759"}],"version-history":[{"count":1,"href":"https:\/\/vinasfm.com\/noticias\/wp-json\/wp\/v2\/posts\/150759\/revisions"}],"predecessor-version":[{"id":150761,"href":"https:\/\/vinasfm.com\/noticias\/wp-json\/wp\/v2\/posts\/150759\/revisions\/150761"}],"wp:featuredmedia":[{"embeddable":true,"href":"https:\/\/vinasfm.com\/noticias\/wp-json\/wp\/v2\/media\/150760"}],"wp:attachment":[{"href":"https:\/\/vinasfm.com\/noticias\/wp-json\/wp\/v2\/media?parent=150759"}],"wp:term":[{"taxonomy":"category","embeddable":true,"href":"https:\/\/vinasfm.com\/noticias\/wp-json\/wp\/v2\/categories?post=150759"},{"taxonomy":"post_tag","embeddable":true,"href":"https:\/\/vinasfm.com\/noticias\/wp-json\/wp\/v2\/tags?post=150759"}],"curies":[{"name":"wp","href":"https:\/\/api.w.org\/{rel}","templated":true}]}}