{"id":150756,"date":"2025-07-14T11:16:12","date_gmt":"2025-07-14T14:16:12","guid":{"rendered":"https:\/\/vinasfm.com\/noticias\/?p=150756"},"modified":"2025-07-15T09:58:48","modified_gmt":"2025-07-15T12:58:48","slug":"el-ipv-lanzo-un-operativo-para-que-40-000-familias-de-mendoza-tengan-la-escritura-de-su-casa","status":"publish","type":"post","link":"https:\/\/vinasfm.com\/noticias\/el-ipv-lanzo-un-operativo-para-que-40-000-familias-de-mendoza-tengan-la-escritura-de-su-casa\/","title":{"rendered":"EL IPV LANZ\u00d3 UN OPERATIVO PARA QUE 40.000 FAMILIAS DE MENDOZA TENGAN LA ESCRITURA DE SU CASA"},"content":{"rendered":"<h4><span style=\"color: #003300;\">Son adjudicatarias del IPV que hace m\u00e1s de 20 a\u00f1os habitan su vivienda pero sin el t\u00edtulo. Ventajas del operativo para agilizar el acceso a la escritura.<\/span><\/h4>\n<article class=\"article-body first\">\n<div class=\"article-content\">\n<div class=\"cuerpo\" data-twitter-link=\"\">\n<p>El Gobierno ya puso en vigencia la ley 9632, que facilita el acceso a la\u00a0<strong>escritura<\/strong>\u00a0de su\u00a0<strong>casa<\/strong>\u00a0a miles de familias en Mendoza. Es un\u00a0<strong>operativo<\/strong>\u00a0de regularizaci\u00f3n dominial para 40.000 adjudicatarios del\u00a0<strong>IPV<\/strong>\u00a0<em>(Instituto Provincial de la Vivienda)<\/em> que habitan la suya hace casi 2 d\u00e9cadas.<\/p>\n<\/div>\n<\/div>\n<\/article>\n<article class=\"article-body\">\n<div class=\"article-content\">\n<div class=\"cuerpo\" data-twitter-link=\"\">\n<p>La mayor\u00eda accedieron a una vivienda social del IPV y hace unos 20 a\u00f1os la habitan, pero a\u00fan sin el papel que lo certifique. Ni m\u00e1s ni menos que el t\u00edtulo de propiedad, o\u00a0<strong>escritura<\/strong>, pese a haber cancelado el valor de la misma.<\/p>\n<p>Para el titular del IPV,\u00a0<span style=\"color: #003366;\"><strong>Gustavo Cantero<\/strong><\/span>, <em><strong>\u201cse postergaron prioridades como herencia, acceso al cr\u00e9dito, mejorar o ampliar la casa. Esta ley permite saldar una deuda con miles de familias que han esperado a\u00f1os para tener la titularidad definitiva\u201d.<\/strong><\/em><\/p>\n<\/div>\n<\/div>\n<\/article>\n<article class=\"article-body third-p\">\n<div class=\"article-content\">\n<div class=\"cuerpo\" data-twitter-link=\"\">\n<p>En\u00a0<strong>junio<\/strong>\u00a0fueron las primeras reuniones con algunos municipios. Seg\u00fan los responsables del operativo se dise\u00f1\u00f3 <em><strong>\u00abun proceso \u00e1gil, accesible y con acompa\u00f1amiento de todos los actores involucrados. La\u00a0escritura\u00a0no ser\u00e1 un lujo inalcanzable\u00bb.<\/strong><\/em><\/p>\n<p><img loading=\"lazy\" decoding=\"async\" class=\"aligncenter\" src=\"https:\/\/media.diariouno.com.ar\/p\/5dd4ce4e31bb462683f82bdb81b8d3d1\/adjuntos\/298\/imagenes\/009\/579\/0009579553\/1200x0\/smart\/viviendas-del-ipv-san-martin1jpg.jpg\" alt=\"Son m&amp;aacute;s de 40 mil las familias mendocinas que habitan una vivienda social del IPV hace casi 2 d&amp;eacute;cadas pero a&amp;uacute;n no tienen la escritura.&amp;nbsp;\" width=\"600\" height=\"401\" \/><\/p>\n<h2>Ventajas del operativo escritura del IPV<\/h2>\n<p>Para aliviar los costos de\u00a0registro de la titularidad que encarecen cada escritura el IPV ofrece financiar el gasto. Algo acorde o \u00aba medida\u00bb de la realidad econ\u00f3mica de cada beneficiario.<\/p>\n<p>Pero tambi\u00e9n se eliminan<strong>\u00a0tasas y aforos.\u00a0<\/strong>Con ese fin, el IPV firm\u00f3 acuerdos con municipios, colegios de arquitectos e ingenieros y organismos t\u00e9cnicos para bajar costos.<\/p>\n<p>Las primera comunas en adherir fueron<strong> Jun\u00edn, Tunuy\u00e1n, San Martin, General Alvear, Rivadavia y Las Heras.<\/strong> Y tambi\u00e9n con\u00a0<strong>AYSAM<\/strong>\u00a0e Irrigaci\u00f3n.<\/p>\n<p>En Jun\u00edn, el intendente<strong>\u00a0Mario Abed<\/strong>\u00a0se comprometi\u00f3 a gestionar exenci\u00f3n de tasas, contribuciones y derechos de transferencia que pudieran obstaculizar el proceso, adem\u00e1s de destinar personal capacitado para acompa\u00f1ar a las familias.<\/p>\n<\/div>\n<\/div>\n<\/article>\n","protected":false},"excerpt":{"rendered":"<p>Son adjudicatarias del IPV que hace m\u00e1s de 20 a\u00f1os habitan su vivienda pero sin el t\u00edtulo. Ventajas del operativo para &#8230;<\/p>\n","protected":false},"author":7,"featured_media":150757,"comment_status":"open","ping_status":"open","sticky":false,"template":"","format":"standard","meta":{"footnotes":""},"categories":[77,67],"tags":[],"class_list":["post-150756","post","type-post","status-publish","format-standard","has-post-thumbnail","hentry","category-gobierno","category-ipv"],"_links":{"self":[{"href":"https:\/\/vinasfm.com\/noticias\/wp-json\/wp\/v2\/posts\/150756","targetHints":{"allow":["GET"]}}],"collection":[{"href":"https:\/\/vinasfm.com\/noticias\/wp-json\/wp\/v2\/posts"}],"about":[{"href":"https:\/\/vinasfm.com\/noticias\/wp-json\/wp\/v2\/types\/post"}],"author":[{"embeddable":true,"href":"https:\/\/vinasfm.com\/noticias\/wp-json\/wp\/v2\/users\/7"}],"replies":[{"embeddable":true,"href":"https:\/\/vinasfm.com\/noticias\/wp-json\/wp\/v2\/comments?post=150756"}],"version-history":[{"count":1,"href":"https:\/\/vinasfm.com\/noticias\/wp-json\/wp\/v2\/posts\/150756\/revisions"}],"predecessor-version":[{"id":150758,"href":"https:\/\/vinasfm.com\/noticias\/wp-json\/wp\/v2\/posts\/150756\/revisions\/150758"}],"wp:featuredmedia":[{"embeddable":true,"href":"https:\/\/vinasfm.com\/noticias\/wp-json\/wp\/v2\/media\/150757"}],"wp:attachment":[{"href":"https:\/\/vinasfm.com\/noticias\/wp-json\/wp\/v2\/media?parent=150756"}],"wp:term":[{"taxonomy":"category","embeddable":true,"href":"https:\/\/vinasfm.com\/noticias\/wp-json\/wp\/v2\/categories?post=150756"},{"taxonomy":"post_tag","embeddable":true,"href":"https:\/\/vinasfm.com\/noticias\/wp-json\/wp\/v2\/tags?post=150756"}],"curies":[{"name":"wp","href":"https:\/\/api.w.org\/{rel}","templated":true}]}}