{"id":150690,"date":"2025-07-12T10:18:04","date_gmt":"2025-07-12T13:18:04","guid":{"rendered":"https:\/\/vinasfm.com\/noticias\/?p=150690"},"modified":"2025-07-14T08:58:00","modified_gmt":"2025-07-14T11:58:00","slug":"plan-estrategico-contra-el-abigeato-la-policia-rural-secuestro-771-kilos-de-carne-en-una-carniceria-de-san-rafael","status":"publish","type":"post","link":"https:\/\/vinasfm.com\/noticias\/plan-estrategico-contra-el-abigeato-la-policia-rural-secuestro-771-kilos-de-carne-en-una-carniceria-de-san-rafael\/","title":{"rendered":"PLAN ESTRAT\u00c9GICO CONTRA EL ABIGEATO: LA POLIC\u00cdA RURAL SECUESTR\u00d3 771 KILOS DE CARNE EN UNA CARNICER\u00cdA DE SAN RAFAEL"},"content":{"rendered":"<h4><span style=\"color: #003300;\"><strong>El operativo se realiz\u00f3 junto a personal de Bromatolog\u00eda municipal en un comercio de la calle Italia. La carne estaba congelada, sin rotulaci\u00f3n ni documentaci\u00f3n que acreditara su origen.<\/strong><\/span><\/h4>\n<p>M\u00e1s de 770 kilos de carne fueron decomisados en un control realizado en una carnicer\u00eda de <strong>San Rafael por la Polic\u00eda Rural Zona Sur, en conjunto con personal del \u00e1rea de Bromatolog\u00eda del Municipio.<\/strong> La acci\u00f3n se enmarca en el Plan Estrat\u00e9gico Integral contra el Abigeato que se lleva adelante en toda la provincia.<\/p>\n<p>El procedimiento se llev\u00f3 a cabo en un comercio ubicado sobre calle Italia, donde el personal tras la inspecci\u00f3n decomis\u00f3 771 kilos de carne en condiciones irregulares.<strong> La mercader\u00eda se encontraba congelada y distribuida en bolsas tipo consorcio, sin rotulaci\u00f3n ni documentaci\u00f3n que acreditara su origen, lo que motiv\u00f3 el inmediato decomiso del producto.<\/strong><\/p>\n<p>Por disposici\u00f3n de la Oficina Fiscal de la Comisar\u00eda 8\u00aa, se individualiz\u00f3 al responsable del comercio y se incaut\u00f3 la totalidad de la carne hallada en infracci\u00f3n.<\/p>\n","protected":false},"excerpt":{"rendered":"<p>El operativo se realiz\u00f3 junto a personal de Bromatolog\u00eda municipal en un comercio de la calle Italia. La carne estaba congelada, &#8230;<\/p>\n","protected":false},"author":7,"featured_media":150691,"comment_status":"open","ping_status":"open","sticky":false,"template":"","format":"standard","meta":{"footnotes":""},"categories":[5,4],"tags":[],"class_list":["post-150690","post","type-post","status-publish","format-standard","has-post-thumbnail","hentry","category-actualidad","category-policiales"],"_links":{"self":[{"href":"https:\/\/vinasfm.com\/noticias\/wp-json\/wp\/v2\/posts\/150690","targetHints":{"allow":["GET"]}}],"collection":[{"href":"https:\/\/vinasfm.com\/noticias\/wp-json\/wp\/v2\/posts"}],"about":[{"href":"https:\/\/vinasfm.com\/noticias\/wp-json\/wp\/v2\/types\/post"}],"author":[{"embeddable":true,"href":"https:\/\/vinasfm.com\/noticias\/wp-json\/wp\/v2\/users\/7"}],"replies":[{"embeddable":true,"href":"https:\/\/vinasfm.com\/noticias\/wp-json\/wp\/v2\/comments?post=150690"}],"version-history":[{"count":1,"href":"https:\/\/vinasfm.com\/noticias\/wp-json\/wp\/v2\/posts\/150690\/revisions"}],"predecessor-version":[{"id":150692,"href":"https:\/\/vinasfm.com\/noticias\/wp-json\/wp\/v2\/posts\/150690\/revisions\/150692"}],"wp:featuredmedia":[{"embeddable":true,"href":"https:\/\/vinasfm.com\/noticias\/wp-json\/wp\/v2\/media\/150691"}],"wp:attachment":[{"href":"https:\/\/vinasfm.com\/noticias\/wp-json\/wp\/v2\/media?parent=150690"}],"wp:term":[{"taxonomy":"category","embeddable":true,"href":"https:\/\/vinasfm.com\/noticias\/wp-json\/wp\/v2\/categories?post=150690"},{"taxonomy":"post_tag","embeddable":true,"href":"https:\/\/vinasfm.com\/noticias\/wp-json\/wp\/v2\/tags?post=150690"}],"curies":[{"name":"wp","href":"https:\/\/api.w.org\/{rel}","templated":true}]}}