{"id":150555,"date":"2025-07-08T11:13:12","date_gmt":"2025-07-08T14:13:12","guid":{"rendered":"https:\/\/vinasfm.com\/noticias\/?p=150555"},"modified":"2025-07-10T09:22:50","modified_gmt":"2025-07-10T12:22:50","slug":"feria-judicial-de-invierno-en-mendoza-que-juzgado-y-tribunales-estaran-de-turno","status":"publish","type":"post","link":"https:\/\/vinasfm.com\/noticias\/feria-judicial-de-invierno-en-mendoza-que-juzgado-y-tribunales-estaran-de-turno\/","title":{"rendered":"FERIA JUDICIAL DE INVIERNO EN MENDOZA: QU\u00c9 JUZGADO Y TRIBUNALES ESTAR\u00c1N DE TURNO"},"content":{"rendered":"<h4><span style=\"color: #003300;\"><strong>A trav\u00e9s de la Acordada N\u00b031091, la Suprema Corte de la provincia dispuso una organizaci\u00f3n especial para asegurar la atenci\u00f3n de causas urgentes en todas las circunscripciones. Ser\u00e1 entre el 10 y el 23 de julio.<\/strong><\/span><\/h4>\n<p>El\u00a0<strong>Poder Judicial de Mendoza<\/strong>\u00a0entrar\u00e1 en\u00a0<strong>receso invernal del 10 al 23 de julio<\/strong>, por lo que se reducir\u00e1 la actividad, pero la<strong>\u00a0Suprema Corte<\/strong>\u00a0resolvi\u00f3 qu\u00e9 juzgados se mantendr\u00e1n en funcionamiento durante estas dos semanas.<\/p>\n<p>As\u00ed lo establece la\u00a0<strong>Acordada N\u00b031091<\/strong>, en la que se detalla la organizaci\u00f3n de los diferentes fueros, tribunales y dependencias en las cuatro circunscripciones judiciales de la provincia.<\/p>\n<p>Tiene como objetivo garantizar que ning\u00fan ciudadano quede sin respuesta durante la feria judicial, especialmente en casos sensibles o urgentes. Al cierre del receso, se exigir\u00e1 a cada dependencia la presentaci\u00f3n de un informe estad\u00edstico sobre la actividad desarrollada, como parte de los mecanismos de control y transparencia institucional.<\/p>\n<p>Durante las dos semanas que dura la feria, el ministro\u00a0<strong>Mario Adaro asumir\u00e1 la presidencia del M\u00e1ximo Tribunal<\/strong>. Al frente de las coordinaciones por fuero, estar\u00e1n\u00a0<strong>Mauricio Follari (Laboral)<\/strong>,<strong>\u00a0Lucas Guevara (Contravencional)<\/strong>,\u00a0<strong>Mauricio Vicario (Penal)<\/strong>, entre otros.<\/p>\n<p>Tambi\u00e9n habr\u00e1 cobertura en \u00e1reas como\u00a0<strong>Familia<\/strong>,\u00a0<strong>Civil<\/strong>,\u00a0<strong>Penal Juvenil\u00a0<\/strong>y<strong>\u00a0Concursal<\/strong>. La\u00a0<strong>Direcci\u00f3n de Derechos Humanos y Acceso a la Justicia\u00a0<\/strong>supervisar\u00e1 espec\u00edficamente el\u00a0<strong>fuero Penal Juvenil<\/strong>.<\/p>\n<p>En paralelo, diversas \u00e1reas administrativas y t\u00e9cnicas tambi\u00e9n tendr\u00e1n personal de guardia, como la\u00a0<strong>Secretar\u00eda Privada Ceremonial<\/strong>, la\u00a0<strong>Direcci\u00f3n de Recursos Humanos<\/strong>,\u00a0<strong>Inspecci\u00f3n Judicial<\/strong>,\u00a0<strong>Modernizaci\u00f3n<\/strong>,\u00a0<strong>Legalizaciones<\/strong>,\u00a0<strong>Contabilidad y Finanzas<\/strong>, y la\u00a0<strong>Direcci\u00f3n de la Mujer, G\u00e9nero y Diversidad \u201cDra. Carmen Mar\u00eda Argibay\u201d<\/strong>.<\/p>\n<aside class=\"scaip scaip-2 \"><\/aside>\n<p>Todo ello busca asegurar la operatividad institucional y la atenci\u00f3n de casos prioritarios en los distintos niveles del sistema judicial.<\/p>\n<p>En cuanto al trabajo territorial, en la\u00a0<strong>Primera Circunscripci\u00f3n Judicial (Gran Mendoza)<\/strong>, se ha dispuesto cobertura en todos los fueros: Civil, Penal, Familia, Laboral, Tributario, Concursal, Paz y Contravencional.\u00a0<strong>Tanto juzgados de primera como de segunda instancia mantendr\u00e1n actividad<\/strong>, incluidos los Juzgados Penales Colegiados y las oficinas de gesti\u00f3n penal (OGAP), que atender\u00e1n garant\u00edas, privaci\u00f3n de libertad y audiencias.<\/p>\n<p><img decoding=\"async\" class=\"aligncenter\" src=\"https:\/\/www.juscorrientes.gov.ar\/wp-content\/uploads\/prensa\/jpg\/2021\/foto-poder-judicial.jpg\" alt=\"Poder Judicial - Provincia de Corrientes\" \/><\/p>\n<p>La<strong>\u00a0Segunda Circunscripci\u00f3n<\/strong>, que abarca<strong>\u00a0San Rafael, General Alvear y Malarg\u00fce<\/strong>, operar\u00e1 con\u00a0<strong>San Rafael como sede principal de segunda instancia<\/strong>. En cada departamento\u00a0<strong>se cubrir\u00e1n las \u00e1reas de mayor demanda<\/strong>: desde Civil y Familia hasta Contravencional y Penal Juvenil.<\/p>\n<aside class=\"scaip scaip-3 \"><\/aside>\n<p>Lo mismo suceder\u00e1 en la<strong>\u00a0Tercera Circunscripci\u00f3n (San Mart\u00edn)<\/strong>\u00a0y en la\u00a0<strong>Cuarta (Tunuy\u00e1n)<\/strong>, que\u00a0<strong>contar\u00e1n con delegaciones administrativas, juzgados de turno y cobertura en \u00e1reas estrat\u00e9gicas como Penal, Familia y Justicia de Paz<\/strong>.<\/p>\n<p>Durante el receso, el horario de atenci\u00f3n judicial ser\u00e1 de 7:30 a 13:30, con\u00a0<strong>atenci\u00f3n al p\u00fablico de 8 a 13.\u00a0<\/strong>La Direcci\u00f3n de Inform\u00e1tica habilitar\u00e1 exclusivamente la\u00a0<strong>presentaci\u00f3n de escritos electr\u00f3nicos para juzgados y tribunales de turno<\/strong>, con el fin de facilitar la gesti\u00f3n digital y asegurar la disponibilidad remota del servicio.<\/p>\n","protected":false},"excerpt":{"rendered":"<p>A trav\u00e9s de la Acordada N\u00b031091, la Suprema Corte de la provincia dispuso una organizaci\u00f3n especial para asegurar la atenci\u00f3n de &#8230;<\/p>\n","protected":false},"author":7,"featured_media":150556,"comment_status":"open","ping_status":"open","sticky":false,"template":"","format":"standard","meta":{"footnotes":""},"categories":[10,22],"tags":[],"class_list":["post-150555","post","type-post","status-publish","format-standard","has-post-thumbnail","hentry","category-destacadas","category-justicia"],"_links":{"self":[{"href":"https:\/\/vinasfm.com\/noticias\/wp-json\/wp\/v2\/posts\/150555","targetHints":{"allow":["GET"]}}],"collection":[{"href":"https:\/\/vinasfm.com\/noticias\/wp-json\/wp\/v2\/posts"}],"about":[{"href":"https:\/\/vinasfm.com\/noticias\/wp-json\/wp\/v2\/types\/post"}],"author":[{"embeddable":true,"href":"https:\/\/vinasfm.com\/noticias\/wp-json\/wp\/v2\/users\/7"}],"replies":[{"embeddable":true,"href":"https:\/\/vinasfm.com\/noticias\/wp-json\/wp\/v2\/comments?post=150555"}],"version-history":[{"count":2,"href":"https:\/\/vinasfm.com\/noticias\/wp-json\/wp\/v2\/posts\/150555\/revisions"}],"predecessor-version":[{"id":150562,"href":"https:\/\/vinasfm.com\/noticias\/wp-json\/wp\/v2\/posts\/150555\/revisions\/150562"}],"wp:featuredmedia":[{"embeddable":true,"href":"https:\/\/vinasfm.com\/noticias\/wp-json\/wp\/v2\/media\/150556"}],"wp:attachment":[{"href":"https:\/\/vinasfm.com\/noticias\/wp-json\/wp\/v2\/media?parent=150555"}],"wp:term":[{"taxonomy":"category","embeddable":true,"href":"https:\/\/vinasfm.com\/noticias\/wp-json\/wp\/v2\/categories?post=150555"},{"taxonomy":"post_tag","embeddable":true,"href":"https:\/\/vinasfm.com\/noticias\/wp-json\/wp\/v2\/tags?post=150555"}],"curies":[{"name":"wp","href":"https:\/\/api.w.org\/{rel}","templated":true}]}}