{"id":150547,"date":"2025-07-08T10:17:06","date_gmt":"2025-07-08T13:17:06","guid":{"rendered":"https:\/\/vinasfm.com\/noticias\/?p=150547"},"modified":"2025-07-09T10:19:32","modified_gmt":"2025-07-09T13:19:32","slug":"egresaron-40-nuevos-agentes-sanitarios-en-el-sur-provincial","status":"publish","type":"post","link":"https:\/\/vinasfm.com\/noticias\/egresaron-40-nuevos-agentes-sanitarios-en-el-sur-provincial\/","title":{"rendered":"EGRESARON 40 NUEVOS AGENTES SANITARIOS EN EL SUR PROVINCIAL"},"content":{"rendered":"<h4><strong><span style=\"color: #003300;\">Un total de 40 personas egresaron recientemente del primer curso de formaci\u00f3n superior para agentes sanitarios desarrollado en la regi\u00f3n sur de Mendoza.<\/span><\/strong><\/h4>\n<p>La capacitaci\u00f3n, organizada por el <strong>Ministerio de Salud<\/strong> y coordinada por el \u00e1rea sanitaria de San Rafael, estuvo <strong>destinada a reforzar la atenci\u00f3n primaria en los departamentos de San Rafael y General Alvear<\/strong>, donde se identific\u00f3 una demanda clave de este recurso humano.<\/p>\n<p><strong><span style=\"color: #003366;\">Ver\u00f3nica Mart\u00ednez<\/span><\/strong>, <em>directora general regional Sur del Ministerio de Salud<\/em>, confirm\u00f3 que el acto de egreso tuvo lugar la semana pasada, en el marco de un proceso que consider\u00f3 fundamental. <em><strong>\u201cEl d\u00eda jueves se realiz\u00f3 el acto de finalizaci\u00f3n del cursado y entrega de certificaci\u00f3n del primer curso agente sanitario que se desarrolla en el Ministerio de Salud en la regi\u00f3n sur y coordinado por el \u00e1rea sanitaria de San Rafael. As\u00ed que estamos muy contentos, sobre todo por el rol fundamental que tienen en la atenci\u00f3n primaria de la salud\u201d<\/strong><\/em>, expres\u00f3.<\/p>\n<p>Mart\u00ednez indic\u00f3 que la formaci\u00f3n tuvo una duraci\u00f3n de 18 meses, bajo modalidad presencial, y se desarroll\u00f3 en colaboraci\u00f3n con la <strong>Universidad Nacional de Cuyo<\/strong>. <em><strong>\u201cSe realiz\u00f3 en la Universidad Nacional de Cuyo, con quienes tenemos un convenio de colaboraci\u00f3n, as\u00ed que en un entorno universitario y con toda la tecnolog\u00eda necesaria para poder administrar el curso\u201d<\/strong><\/em>, explic\u00f3.<\/p>\n<p>Seg\u00fan detall\u00f3, se trat\u00f3 de un curso actualizado en comparaci\u00f3n con anteriores formaciones, con dos enfoques centrales: uno vinculado al trabajo en terreno y otro orientado al perfil administrativo.<\/p>\n<p><em><strong>\u201cBuscamos un perfil de terreno, de su actividad en los centros de salud, en las casas, en los alrededores de la comunidad que cada uno cuida, y tambi\u00e9n un perfil administrativo para que puedan ser los que recepcionan y puedan coordinar todas las acciones necesarias para que esa persona tenga respuesta\u201d<\/strong><\/em>, explic\u00f3.<\/p>\n<p>En ese sentido, <span style=\"color: #003366;\">Mart\u00ednez<\/span> aclar\u00f3 que la apertura de nuevas cohortes depender\u00e1 de las necesidades territoriales.<strong><em> \u201cEsta cohorte se hace en realidad de acuerdo a las necesidades\u201d<\/em><\/strong>, afirm\u00f3. Y agreg\u00f3 que el objetivo es fortalecer tanto al sistema p\u00fablico como al privado: <em><strong>\u201cTener un agente sanitario en la mesa de entrada de una instituci\u00f3n de salud es asegurarse que pueda conocer de la problem\u00e1tica de salud que esa persona tiene y tal vez organizar o vincularla con otras especialidades\u201d.<\/strong><\/em><\/p>\n<p>Adem\u00e1s, destac\u00f3 que el foco est\u00e1 puesto especialmente en formar profesionales para zonas m\u00e1s alejadas. <em><strong>\u201cSe prioriz\u00f3 formar y capacitar recursos humanos para los distritos m\u00e1s alejados, aquellos que no contaran con la funci\u00f3n del agente sanitario, por supuesto tambi\u00e9n para todos aquellos que quieran trabajar en el municipio y para todo el recurso que Alvear necesitaba\u201d<\/strong><\/em>, subray\u00f3.<\/p>\n<p>Finalmente, Mart\u00ednez reafirm\u00f3 la importancia del trabajo que realizan los agentes sanitarios, especialmente en una provincia donde las distancias y las caracter\u00edsticas geogr\u00e1ficas generan desigualdades de acceso. <strong><em>\u201cSin ninguna duda es muy importante el rol del agente sanitario en la atenci\u00f3n primaria y en el acceso de las personas, sobre todo en nuestra provincia, donde la distribuci\u00f3n geogr\u00e1fica es tan grande y tenemos comunidades que viven muy alejadas y a veces no tienen acceso a la salud\u201d<\/em><\/strong>, expres\u00f3.<\/p>\n<p>Y concluy\u00f3: <strong><em>\u201cEstamos trabajando fuertemente en eso, en que adem\u00e1s de formar estos agentes sanitarios que tienen un rol tan importante y estrat\u00e9gico en la atenci\u00f3n primaria, tengan una formaci\u00f3n de calidad y actualizada\u201d.<\/em><\/strong><\/p>\n<h6>Diario San Rafael.<\/h6>\n","protected":false},"excerpt":{"rendered":"<p>Un total de 40 personas egresaron recientemente del primer curso de formaci\u00f3n superior para agentes sanitarios desarrollado en la regi\u00f3n sur &#8230;<\/p>\n","protected":false},"author":7,"featured_media":150548,"comment_status":"open","ping_status":"open","sticky":false,"template":"","format":"standard","meta":{"footnotes":""},"categories":[5,10],"tags":[],"class_list":["post-150547","post","type-post","status-publish","format-standard","has-post-thumbnail","hentry","category-actualidad","category-destacadas"],"_links":{"self":[{"href":"https:\/\/vinasfm.com\/noticias\/wp-json\/wp\/v2\/posts\/150547","targetHints":{"allow":["GET"]}}],"collection":[{"href":"https:\/\/vinasfm.com\/noticias\/wp-json\/wp\/v2\/posts"}],"about":[{"href":"https:\/\/vinasfm.com\/noticias\/wp-json\/wp\/v2\/types\/post"}],"author":[{"embeddable":true,"href":"https:\/\/vinasfm.com\/noticias\/wp-json\/wp\/v2\/users\/7"}],"replies":[{"embeddable":true,"href":"https:\/\/vinasfm.com\/noticias\/wp-json\/wp\/v2\/comments?post=150547"}],"version-history":[{"count":1,"href":"https:\/\/vinasfm.com\/noticias\/wp-json\/wp\/v2\/posts\/150547\/revisions"}],"predecessor-version":[{"id":150549,"href":"https:\/\/vinasfm.com\/noticias\/wp-json\/wp\/v2\/posts\/150547\/revisions\/150549"}],"wp:featuredmedia":[{"embeddable":true,"href":"https:\/\/vinasfm.com\/noticias\/wp-json\/wp\/v2\/media\/150548"}],"wp:attachment":[{"href":"https:\/\/vinasfm.com\/noticias\/wp-json\/wp\/v2\/media?parent=150547"}],"wp:term":[{"taxonomy":"category","embeddable":true,"href":"https:\/\/vinasfm.com\/noticias\/wp-json\/wp\/v2\/categories?post=150547"},{"taxonomy":"post_tag","embeddable":true,"href":"https:\/\/vinasfm.com\/noticias\/wp-json\/wp\/v2\/tags?post=150547"}],"curies":[{"name":"wp","href":"https:\/\/api.w.org\/{rel}","templated":true}]}}