{"id":150533,"date":"2025-07-08T09:24:59","date_gmt":"2025-07-08T12:24:59","guid":{"rendered":"https:\/\/vinasfm.com\/noticias\/?p=150533"},"modified":"2025-07-08T09:24:59","modified_gmt":"2025-07-08T12:24:59","slug":"8-de-julio-dia-mundial-de-la-alergia","status":"publish","type":"post","link":"https:\/\/vinasfm.com\/noticias\/8-de-julio-dia-mundial-de-la-alergia\/","title":{"rendered":"8 DE JULIO: D\u00cdA MUNDIAL DE LA ALERGIA"},"content":{"rendered":"<h4><span style=\"color: #003300;\"><strong>El tema principal sobre el que se concientiza este a\u00f1o es la anafilaxia,\u00a0una reacci\u00f3n al\u00e9rgica grave que requiere atenci\u00f3n inmediata.<\/strong><\/span><\/h4>\n<p>El <span style=\"color: #003300;\"><strong>Ministerio de Salud y Deportes adhiere al D\u00eda Mundial de la Alergia<\/strong><\/span>, que se conmemora cada a\u00f1o el 8 de julio, en la <strong>Semana Mundial de la Alergia<\/strong>, que se celebra este a\u00f1o del 29 de junio al 5 de julio. Se busca concientizar sobre las enfermedades al\u00e9rgicas, que est\u00e1n entre las seis patolog\u00edas m\u00e1s frecuentes seg\u00fan la Organizaci\u00f3n Mundial de la Salud.<\/p>\n<p>La alergia es una reacci\u00f3n o respuesta alterada del organismo ante unas sustancias denominadas al\u00e9rgenos o ant\u00edgenos, por s\u00ed misma inofensivas pero que afectan a personas gen\u00e9ticamente susceptibles o predispuestas.<\/p>\n<p>El sistema inmunol\u00f3gico de estas personas al\u00e9rgicas <strong>genera mecanismos inflamatorios como respuesta. Estos mecanismos est\u00e1n determinados por un anticuerpo, la inmunoglobulina E o IgE.<\/strong><\/p>\n<p>En las \u00faltimas d\u00e9cadas, estas patolog\u00edas se han convertido en uno de los principales problemas sanitarios de la mayor\u00eda de los pa\u00edses. <strong>Los factores ambientales, el estilo de vida y la alimentaci\u00f3n, entre otros, est\u00e1n implicados en este preocupante incremento de las alergias.\u00a0<\/strong><\/p>\n<p>Seg\u00fan datos predictivos de la Organizaci\u00f3n Mundial de la Alergia, se estima que para 2050 la mitad de la poblaci\u00f3n estar\u00e1 afectada, y en la actualidad m\u00e1s de 400 millones de personas en todo el mundo padecen alg\u00fan tipo de enfermedad al\u00e9rgica.<\/p>\n<p>El asma y la rinitis al\u00e9rgica son las dos enfermedades al\u00e9rgicas m\u00e1s prevalentes. <strong>Seg\u00fan manifest\u00f3 la Organizaci\u00f3n Mundial de la Alergia, la cifra de pacientes con asma en todo el mundo supera los 300 millones de personas, de las que el 80 por ciento tambi\u00e9n presenta s\u00edntomas de rinitis.<\/strong> Ambas constituyen un importante problema de salud, afectan notoriamente la calidad de vida y ocasionan altos costos al sistema sanitario.<\/p>\n<p>Cada a\u00f1o, se destaca una enfermedad al\u00e9rgica que requiere mayor concientizaci\u00f3n p\u00fablica a nivel mundial. En esta ocasi\u00f3n, el tema central es la anafilaxia.<\/p>\n<p>&nbsp;<\/p>\n<h2><strong>Anafilaxia, s\u00edntomas iniciales<\/strong><\/h2>\n<p>La anafilaxia es una r<strong>eacci\u00f3n al\u00e9rgica grave y repentina que puede ser mortal si no se trata r\u00e1pidamente. Es importante reconocer los s\u00edntomas y buscar atenci\u00f3n m\u00e9dica inmediata, ya que esta condici\u00f3n puede progresar r\u00e1pidamente.\u00a0<\/strong><\/p>\n<p>S\u00edntomas: prurito, que se asocia r\u00e1pidamente a problemas respiratorios gastrointestinales, dolor abdominal, hipotensi\u00f3n (presi\u00f3n arterial baja) y trastornos de conciencia.<\/p>\n<h3><strong>S\u00edntomas graves<\/strong><\/h3>\n<p>Dificultad para respirar, p\u00e9rdida de conciencia, pulso d\u00e9bil y r\u00e1pido, piel p\u00e1lida y fr\u00eda, confusi\u00f3n, v\u00f3mitos repetidos.<\/p>\n<ul>\n<li>Causas: alimentos como frutos secos, leche, huevo, mariscos y pescado.<\/li>\n<li>Medicamentos: antibi\u00f3ticos, antiinflamatorios, contraste radiol\u00f3gico.<\/li>\n<li>Picaduras de insectos: abejas, avispas.<\/li>\n<li>Se debe buscar atenci\u00f3n m\u00e9dica inmediata, llamar al 911 o al servicio de emergencia local.<\/li>\n<\/ul>\n<h3><strong>Recomendaciones<\/strong><\/h3>\n<p>Es crucial mantener la calma tanto como sea posible para facilitar el proceso de atenci\u00f3n.<\/p>\n<p>Revisar el pulso y la respiraci\u00f3n.<\/p>\n<p>En caso de p\u00e9rdida de conciencia, es importante verificar si la persona est\u00e1 respirando y tiene pulso.<\/p>\n<p>Administrar reanimaci\u00f3n cardiopulmonar (RCP) si es necesario:<\/p>\n<p>Si no hay signos de respiraci\u00f3n, tos o movimiento, es fundamental iniciar la RCP.<\/p>\n<p>La anafilaxia es una emergencia m\u00e9dica que requiere atenci\u00f3n r\u00e1pida y decisiva. Reconocer los s\u00edntomas, buscar ayuda m\u00e9dica y administrar adrenalina son pasos cruciales para minimizar el riesgo de complicaciones graves.<\/p>\n","protected":false},"excerpt":{"rendered":"<p>El tema principal sobre el que se concientiza este a\u00f1o es la anafilaxia,\u00a0una reacci\u00f3n al\u00e9rgica grave que requiere atenci\u00f3n inmediata. El &#8230;<\/p>\n","protected":false},"author":7,"featured_media":150534,"comment_status":"open","ping_status":"open","sticky":false,"template":"","format":"standard","meta":{"footnotes":""},"categories":[1],"tags":[],"class_list":["post-150533","post","type-post","status-publish","format-standard","has-post-thumbnail","hentry","category-fmvinas"],"_links":{"self":[{"href":"https:\/\/vinasfm.com\/noticias\/wp-json\/wp\/v2\/posts\/150533","targetHints":{"allow":["GET"]}}],"collection":[{"href":"https:\/\/vinasfm.com\/noticias\/wp-json\/wp\/v2\/posts"}],"about":[{"href":"https:\/\/vinasfm.com\/noticias\/wp-json\/wp\/v2\/types\/post"}],"author":[{"embeddable":true,"href":"https:\/\/vinasfm.com\/noticias\/wp-json\/wp\/v2\/users\/7"}],"replies":[{"embeddable":true,"href":"https:\/\/vinasfm.com\/noticias\/wp-json\/wp\/v2\/comments?post=150533"}],"version-history":[{"count":1,"href":"https:\/\/vinasfm.com\/noticias\/wp-json\/wp\/v2\/posts\/150533\/revisions"}],"predecessor-version":[{"id":150535,"href":"https:\/\/vinasfm.com\/noticias\/wp-json\/wp\/v2\/posts\/150533\/revisions\/150535"}],"wp:featuredmedia":[{"embeddable":true,"href":"https:\/\/vinasfm.com\/noticias\/wp-json\/wp\/v2\/media\/150534"}],"wp:attachment":[{"href":"https:\/\/vinasfm.com\/noticias\/wp-json\/wp\/v2\/media?parent=150533"}],"wp:term":[{"taxonomy":"category","embeddable":true,"href":"https:\/\/vinasfm.com\/noticias\/wp-json\/wp\/v2\/categories?post=150533"},{"taxonomy":"post_tag","embeddable":true,"href":"https:\/\/vinasfm.com\/noticias\/wp-json\/wp\/v2\/tags?post=150533"}],"curies":[{"name":"wp","href":"https:\/\/api.w.org\/{rel}","templated":true}]}}