{"id":150529,"date":"2025-07-08T09:21:06","date_gmt":"2025-07-08T12:21:06","guid":{"rendered":"https:\/\/vinasfm.com\/noticias\/?p=150529"},"modified":"2025-07-08T09:21:06","modified_gmt":"2025-07-08T12:21:06","slug":"gabriel-pradines-denuncio-ante-la-auditoria-de-etica-publica-informacion-inconsistente-brindada-por-la-ministra-de-seguridad","status":"publish","type":"post","link":"https:\/\/vinasfm.com\/noticias\/gabriel-pradines-denuncio-ante-la-auditoria-de-etica-publica-informacion-inconsistente-brindada-por-la-ministra-de-seguridad\/","title":{"rendered":"GABRIEL PRADINES DENUNCI\u00d3 ANTE LA AUDITOR\u00cdA DE \u00c9TICA P\u00daBLICA INFORMACI\u00d3N INCONSISTENTE BRINDADA POR LA MINISTRA DE SEGURIDAD"},"content":{"rendered":"<h4><strong><span style=\"color: #003300;\">El senador provincial y presidente del PRO Mendoza, Gabriel Pradines, present\u00f3 una denuncia formal ante la Auditor\u00eda de \u00c9tica P\u00fablica contra la Ministra de Seguridad, en medio de una controversia por cifras inconsistentes sobre la cantidad de veh\u00edculos policiales en la provincia. <\/span><\/strong><\/h4>\n<p>Pradines afirma que, a pesar del rechazo de su pedido de informe en el Senado, el Tribunal de Cuentas y el propio Ministerio de Seguridad confirmaron, a trav\u00e9s del sistema de tickets, que <strong>los datos que \u00e9l advirti\u00f3 son correctos, revelando una significativa discrepancia entre lo informado por la Ministra y los registros oficiales.<\/strong><\/p>\n<p>Seg\u00fan <span style=\"color: #003366;\"><strong>Pradines<\/strong><\/span>, la <em>Ministra de Seguridad <\/em><span style=\"color: #003366;\">Mercedes Rus<\/span>\u00a0declar\u00f3 p\u00fablicamente la existencia de 1550 unidades m\u00f3viles, mientras que los datos oficiales del Tribunal de Cuentas solo registran 951, lo que representa una diferencia de 599 veh\u00edculos. <strong>\u00abElla dijo que hay 1550 unidades cuando los datos oficiales hablan de 951. O sea, un 40% menos de lo que ella dijo, casi 600 m\u00f3viles menos\u00bb<\/strong>, enfatiz\u00f3 el senador en di\u00e1logo con <span style=\"color: #800080;\"><strong>FM VI\u00d1AS<\/strong><\/span>.<\/p>\n<p>El problema, seg\u00fan Pradines, se agrava con la evoluci\u00f3n de los datos. En ese sentido se\u00f1al\u00f3 que tras advertir la diferencia a fines de 2024, <strong>el Ministerio de Seguridad cambi\u00f3 su forma de informar al Tribunal de Cuentas, fusionando \u00abm\u00f3viles\u00bb y \u00abmotos\u00bb bajo la categor\u00eda de \u00abunidades terrestres\u00bb.<\/strong> Adem\u00e1s, denuncia un <em><strong>\u00absalto m\u00e1gico\u00bb<\/strong><\/em> de 410 unidades terrestres en el primer trimestre de 2025 sin registros de compras, licitaciones o anuncios que lo respalden, y aun as\u00ed, <strong>esta nueva cifra sigue siendo 189 unidades menor a lo supuestamente existente a fines de 2024.<\/strong><\/p>\n<div id=\"attachment_150530\" style=\"width: 600px\" class=\"wp-caption aligncenter\"><a href=\"https:\/\/vinasfm.com\/noticias\/wp-content\/uploads\/2025\/07\/Imagen-de-WhatsApp-2025-07-08-a-las-09.11.13_a845454a.jpg\"><img loading=\"lazy\" decoding=\"async\" aria-describedby=\"caption-attachment-150530\" class=\"wp-image-150530\" src=\"https:\/\/vinasfm.com\/noticias\/wp-content\/uploads\/2025\/07\/Imagen-de-WhatsApp-2025-07-08-a-las-09.11.13_a845454a.jpg\" alt=\"\" width=\"600\" height=\"203\" srcset=\"https:\/\/vinasfm.com\/noticias\/wp-content\/uploads\/2025\/07\/Imagen-de-WhatsApp-2025-07-08-a-las-09.11.13_a845454a.jpg 586w, https:\/\/vinasfm.com\/noticias\/wp-content\/uploads\/2025\/07\/Imagen-de-WhatsApp-2025-07-08-a-las-09.11.13_a845454a-300x101.jpg 300w\" sizes=\"auto, (max-width: 600px) 100vw, 600px\" \/><\/a><p id=\"caption-attachment-150530\" class=\"wp-caption-text\">Pradines v\u00eda <a href=\"https:\/\/x.com\/GabrielPradines\">X<\/a><\/p><\/div>\n<p><em><strong>\u00abLo que queremos es muy simple: que esto se esclarezca. Porque no tiene l\u00f3gica una diferencia de 599 unidades entre los datos p\u00fablicos y lo que dijo la Ministra\u00bb<\/strong><\/em>, apunt\u00f3 el legislador. El legislador propone una verificaci\u00f3n sencilla: que se muestren los patrulleros geolocalizados para contarlos. <em><strong>\u00abSi no, y ah\u00ed viene lo grave, la Ministra nos dijo que hay m\u00f3viles fantasmas\u00bb<\/strong><\/em>, afirm\u00f3.<\/p>\n<p>Adem\u00e1s de la cuesti\u00f3n de los m\u00f3viles, <strong>Pradines cuestion\u00f3 la situaci\u00f3n de la seguridad en la provincia, citando declaraciones de la Ministra de Seguridad negando la existencia de bandas narco, a pesar de los recientes hechos de violencia.<\/strong> Tambi\u00e9n hizo hincapi\u00e9 en la necesidad de mejorar la infraestructura vial en zonas productivas como General Alvear, argumentando que <strong>la falta de caminos en buen estado afecta la competitividad econ\u00f3mica de Mendoza<\/strong>, que en los \u00faltimos diez a\u00f1os ha experimentado la segunda mayor ca\u00edda econ\u00f3mica del pa\u00eds, con salarios del sector privado un 20% por debajo de la media nacional.<\/p>\n<p>&nbsp;<\/p>\n","protected":false},"excerpt":{"rendered":"<p>El senador provincial y presidente del PRO Mendoza, Gabriel Pradines, present\u00f3 una denuncia formal ante la Auditor\u00eda de \u00c9tica P\u00fablica contra &#8230;<\/p>\n","protected":false},"author":7,"featured_media":150531,"comment_status":"open","ping_status":"open","sticky":false,"template":"","format":"standard","meta":{"footnotes":""},"categories":[1],"tags":[],"class_list":["post-150529","post","type-post","status-publish","format-standard","has-post-thumbnail","hentry","category-fmvinas"],"_links":{"self":[{"href":"https:\/\/vinasfm.com\/noticias\/wp-json\/wp\/v2\/posts\/150529","targetHints":{"allow":["GET"]}}],"collection":[{"href":"https:\/\/vinasfm.com\/noticias\/wp-json\/wp\/v2\/posts"}],"about":[{"href":"https:\/\/vinasfm.com\/noticias\/wp-json\/wp\/v2\/types\/post"}],"author":[{"embeddable":true,"href":"https:\/\/vinasfm.com\/noticias\/wp-json\/wp\/v2\/users\/7"}],"replies":[{"embeddable":true,"href":"https:\/\/vinasfm.com\/noticias\/wp-json\/wp\/v2\/comments?post=150529"}],"version-history":[{"count":1,"href":"https:\/\/vinasfm.com\/noticias\/wp-json\/wp\/v2\/posts\/150529\/revisions"}],"predecessor-version":[{"id":150532,"href":"https:\/\/vinasfm.com\/noticias\/wp-json\/wp\/v2\/posts\/150529\/revisions\/150532"}],"wp:featuredmedia":[{"embeddable":true,"href":"https:\/\/vinasfm.com\/noticias\/wp-json\/wp\/v2\/media\/150531"}],"wp:attachment":[{"href":"https:\/\/vinasfm.com\/noticias\/wp-json\/wp\/v2\/media?parent=150529"}],"wp:term":[{"taxonomy":"category","embeddable":true,"href":"https:\/\/vinasfm.com\/noticias\/wp-json\/wp\/v2\/categories?post=150529"},{"taxonomy":"post_tag","embeddable":true,"href":"https:\/\/vinasfm.com\/noticias\/wp-json\/wp\/v2\/tags?post=150529"}],"curies":[{"name":"wp","href":"https:\/\/api.w.org\/{rel}","templated":true}]}}