{"id":150498,"date":"2025-07-07T10:15:45","date_gmt":"2025-07-07T13:15:45","guid":{"rendered":"https:\/\/vinasfm.com\/noticias\/?p=150498"},"modified":"2025-07-08T09:42:46","modified_gmt":"2025-07-08T12:42:46","slug":"secretos-del-faraon-una-experiencia-teatral-inmersiva-en-la-historica-bodega-faraon","status":"publish","type":"post","link":"https:\/\/vinasfm.com\/noticias\/secretos-del-faraon-una-experiencia-teatral-inmersiva-en-la-historica-bodega-faraon\/","title":{"rendered":"\u201cSECRETOS DEL FARA\u00d3N\u201d: UNA EXPERIENCIA TEATRAL INMERSIVA EN LA HIST\u00d3RICA BODEGA FARA\u00d3N"},"content":{"rendered":"<h4><strong><span style=\"color: #003300;\">El pasado s\u00e1bado, la m\u00edtica Bodega Fara\u00f3n de General Alvear se convirti\u00f3 en un escenario cargado de historia y emoci\u00f3n con la presentaci\u00f3n de la obra teatral <em>\u201cSecretos del Fara\u00f3n\u201d<\/em>, a cargo del elenco Coir\u00f3n y bajo la direcci\u00f3n de la reconocida dramaturga mendocina Sonia De Monte.<\/span><\/strong><\/h4>\n<p>La propuesta forma parte de la variada grilla cultural organizada por la <strong>Direcci\u00f3n de Cultura<\/strong> de la Municipalidad de General Alvear para estas<strong> vacaciones de invierno<\/strong>. La obra, destinada a adolescentes y adultos,<strong> invita al p\u00fablico a sumergirse en una historia atrapante basada en los misterios y vivencias de la familia Cremaschi<\/strong>, una de las protagonistas hist\u00f3ricas de la bodega. Lo singular del espect\u00e1culo es que se desarrolla en los mismos espacios donde ocurrieron los hechos que se representan, lo que le otorga una dimensi\u00f3n \u00fanica y envolvente a la puesta en escena.<\/p>\n<p><em><strong>\u201cLa gente est\u00e1 ansiosa por ver esta obra porque se trata de vivir una historia que muchos han escuchado, pero que ahora podr\u00e1n experimentar dentro del lugar donde realmente sucedi\u00f3\u201d<\/strong><\/em>, expres\u00f3 la <em>directora de Cultura<\/em>, <strong><span style=\"color: #003366;\">Mar\u00eda Delia Achetoni<\/span><\/strong>. Adem\u00e1s, destac\u00f3 el compromiso del elenco con la investigaci\u00f3n hist\u00f3rica y el respeto por los acontecimientos reales representados.<\/p>\n<p><a href=\"https:\/\/vinasfm.com\/noticias\/wp-content\/uploads\/2025\/07\/IMG-20250707-WA0046.jpg\"><img loading=\"lazy\" decoding=\"async\" class=\"alignnone wp-image-150500\" src=\"https:\/\/vinasfm.com\/noticias\/wp-content\/uploads\/2025\/07\/IMG-20250707-WA0046-1024x682.jpg\" alt=\"\" width=\"360\" height=\"240\" srcset=\"https:\/\/vinasfm.com\/noticias\/wp-content\/uploads\/2025\/07\/IMG-20250707-WA0046-1024x682.jpg 1024w, https:\/\/vinasfm.com\/noticias\/wp-content\/uploads\/2025\/07\/IMG-20250707-WA0046-300x200.jpg 300w, https:\/\/vinasfm.com\/noticias\/wp-content\/uploads\/2025\/07\/IMG-20250707-WA0046-768x512.jpg 768w, https:\/\/vinasfm.com\/noticias\/wp-content\/uploads\/2025\/07\/IMG-20250707-WA0046-1536x1023.jpg 1536w, https:\/\/vinasfm.com\/noticias\/wp-content\/uploads\/2025\/07\/IMG-20250707-WA0046.jpg 1600w\" sizes=\"auto, (max-width: 360px) 100vw, 360px\" \/><\/a> <a href=\"https:\/\/vinasfm.com\/noticias\/wp-content\/uploads\/2025\/07\/IMG-20250707-WA0044.jpg\"><img loading=\"lazy\" decoding=\"async\" class=\"alignnone wp-image-150499\" src=\"https:\/\/vinasfm.com\/noticias\/wp-content\/uploads\/2025\/07\/IMG-20250707-WA0044-1024x682.jpg\" alt=\"\" width=\"360\" height=\"240\" srcset=\"https:\/\/vinasfm.com\/noticias\/wp-content\/uploads\/2025\/07\/IMG-20250707-WA0044-1024x682.jpg 1024w, https:\/\/vinasfm.com\/noticias\/wp-content\/uploads\/2025\/07\/IMG-20250707-WA0044-300x200.jpg 300w, https:\/\/vinasfm.com\/noticias\/wp-content\/uploads\/2025\/07\/IMG-20250707-WA0044-768x512.jpg 768w, https:\/\/vinasfm.com\/noticias\/wp-content\/uploads\/2025\/07\/IMG-20250707-WA0044-1536x1023.jpg 1536w, https:\/\/vinasfm.com\/noticias\/wp-content\/uploads\/2025\/07\/IMG-20250707-WA0044.jpg 1600w\" sizes=\"auto, (max-width: 360px) 100vw, 360px\" \/><\/a><\/p>\n<p>La obra tendr\u00e1 nuevas funciones el pr\u00f3ximo domingo 13 de julio, en tres horarios: 18:00, 19:00 y 20:00 horas. Las entradas son gratuitas, pero los cupos son limitados, por lo que es necesario reservar con anticipaci\u00f3n a trav\u00e9s del enlace disponible en las redes sociales de Alvear Cultura.<\/p>\n<p>La agenda cultural del municipio contin\u00faa activa con propuestas para toda la familia: este lunes, en la plaza principal, se presentar\u00e1 una obra de t\u00edteres a las 15:30 y, a las 18:00, se podr\u00e1 observar la luna mediante telescopios en una actividad astron\u00f3mica abierta al p\u00fablico. Tambi\u00e9n se recuerda que siguen abiertas las inscripciones para el tradicional Concurso de Barriletes, que se realizar\u00e1 el domingo 20 de julio en el Aeroclub.<\/p>\n","protected":false},"excerpt":{"rendered":"<p>El pasado s\u00e1bado, la m\u00edtica Bodega Fara\u00f3n de General Alvear se convirti\u00f3 en un escenario cargado de historia y emoci\u00f3n con &#8230;<\/p>\n","protected":false},"author":7,"featured_media":150501,"comment_status":"open","ping_status":"open","sticky":false,"template":"","format":"standard","meta":{"footnotes":""},"categories":[19,11],"tags":[],"class_list":["post-150498","post","type-post","status-publish","format-standard","has-post-thumbnail","hentry","category-cultura","category-sociales"],"_links":{"self":[{"href":"https:\/\/vinasfm.com\/noticias\/wp-json\/wp\/v2\/posts\/150498","targetHints":{"allow":["GET"]}}],"collection":[{"href":"https:\/\/vinasfm.com\/noticias\/wp-json\/wp\/v2\/posts"}],"about":[{"href":"https:\/\/vinasfm.com\/noticias\/wp-json\/wp\/v2\/types\/post"}],"author":[{"embeddable":true,"href":"https:\/\/vinasfm.com\/noticias\/wp-json\/wp\/v2\/users\/7"}],"replies":[{"embeddable":true,"href":"https:\/\/vinasfm.com\/noticias\/wp-json\/wp\/v2\/comments?post=150498"}],"version-history":[{"count":1,"href":"https:\/\/vinasfm.com\/noticias\/wp-json\/wp\/v2\/posts\/150498\/revisions"}],"predecessor-version":[{"id":150502,"href":"https:\/\/vinasfm.com\/noticias\/wp-json\/wp\/v2\/posts\/150498\/revisions\/150502"}],"wp:featuredmedia":[{"embeddable":true,"href":"https:\/\/vinasfm.com\/noticias\/wp-json\/wp\/v2\/media\/150501"}],"wp:attachment":[{"href":"https:\/\/vinasfm.com\/noticias\/wp-json\/wp\/v2\/media?parent=150498"}],"wp:term":[{"taxonomy":"category","embeddable":true,"href":"https:\/\/vinasfm.com\/noticias\/wp-json\/wp\/v2\/categories?post=150498"},{"taxonomy":"post_tag","embeddable":true,"href":"https:\/\/vinasfm.com\/noticias\/wp-json\/wp\/v2\/tags?post=150498"}],"curies":[{"name":"wp","href":"https:\/\/api.w.org\/{rel}","templated":true}]}}