{"id":150469,"date":"2025-07-05T16:49:57","date_gmt":"2025-07-05T19:49:57","guid":{"rendered":"https:\/\/vinasfm.com\/noticias\/?p=150469"},"modified":"2025-07-07T09:05:17","modified_gmt":"2025-07-07T12:05:17","slug":"siniestro-vial-en-ruta-143-y-calle-m-cinco-heridos-tras-impactar-un-auto-con-un-camion","status":"publish","type":"post","link":"https:\/\/vinasfm.com\/noticias\/siniestro-vial-en-ruta-143-y-calle-m-cinco-heridos-tras-impactar-un-auto-con-un-camion\/","title":{"rendered":"SINIESTRO VIAL EN RUTA 143 Y CALLE M: CINCO HERIDOS TRAS IMPACTAR UN AUTO CON UN CAMI\u00d3N"},"content":{"rendered":"<h4><span style=\"color: #003300;\">Un aparatoso siniestro vial tuvo lugar el pasado s\u00e1bado alrededor de las 11:40 horas, en la intersecci\u00f3n de Ruta 143 y calle M. El hecho fue reportado por vecinos de la zona a trav\u00e9s del 911, lo que motiv\u00f3 la intervenci\u00f3n inmediata del personal de la Comisar\u00eda 14\u00aa.<\/span><\/h4>\n<p>Al arribar al lugar, los efectivos constataron que se trataba de <strong>una colisi\u00f3n entre un cami\u00f3n Fiat Iveco, conducido por Diego O., de 51 a\u00f1os, y un autom\u00f3vil Toyota Corolla, al mando de Ramiro G., de 20 a\u00f1os.<\/strong> Por razones que a\u00fan se investigan, ambos veh\u00edculos colisionaron provocando heridas en los ocupantes del rodado menor.<\/p>\n<p>Como consecuencia del impacto, cinco personas de sexo masculino que se desplazaban en el Toyota fueron trasladadas al Hospital Enfermeros Argentinos, donde recibieron atenci\u00f3n m\u00e9dica de urgencia.<\/p>\n<p><a href=\"https:\/\/vinasfm.com\/noticias\/wp-content\/uploads\/2025\/07\/IMG-20250705-WA00552-scaled.jpg\"><img loading=\"lazy\" decoding=\"async\" class=\"wp-image-150480 aligncenter\" src=\"https:\/\/vinasfm.com\/noticias\/wp-content\/uploads\/2025\/07\/IMG-20250705-WA00552-1024x603.jpg\" alt=\"\" width=\"600\" height=\"354\" srcset=\"https:\/\/vinasfm.com\/noticias\/wp-content\/uploads\/2025\/07\/IMG-20250705-WA00552-1024x603.jpg 1024w, https:\/\/vinasfm.com\/noticias\/wp-content\/uploads\/2025\/07\/IMG-20250705-WA00552-300x177.jpg 300w, https:\/\/vinasfm.com\/noticias\/wp-content\/uploads\/2025\/07\/IMG-20250705-WA00552-768x453.jpg 768w, https:\/\/vinasfm.com\/noticias\/wp-content\/uploads\/2025\/07\/IMG-20250705-WA00552-1536x905.jpg 1536w, https:\/\/vinasfm.com\/noticias\/wp-content\/uploads\/2025\/07\/IMG-20250705-WA00552-2048x1207.jpg 2048w\" sizes=\"auto, (max-width: 600px) 100vw, 600px\" \/><\/a><\/p>\n<p>Desde el nosocomio se inform\u00f3 que los pacientes, de entre 20 y 31 a\u00f1os,<strong> presentan diversas lesiones: uno de ellos sufri\u00f3 una herida en el cuero cabelludo (scalp) que debi\u00f3 ser suturada, adem\u00e1s de politraumatismos; otro de los heridos, de 22 a\u00f1os, tambi\u00e9n present\u00f3 una herida cortante en la regi\u00f3n frontal.<\/strong> Los dem\u00e1s ocupantes fueron diagnosticados con politraumatismos de distinta consideraci\u00f3n.<\/p>\n<p>Todos los heridos permanecieron bajo seguimiento profesional, conforme a los protocolos establecidos, y se encuentran fuera de peligro. La Oficina Fiscal de Jurisdicci\u00f3n lleva adelante las actuaciones correspondientes para esclarecer las causas del hecho.<\/p>\n","protected":false},"excerpt":{"rendered":"<p>Un aparatoso siniestro vial tuvo lugar el pasado s\u00e1bado alrededor de las 11:40 horas, en la intersecci\u00f3n de Ruta 143 y &#8230;<\/p>\n","protected":false},"author":7,"featured_media":150481,"comment_status":"open","ping_status":"open","sticky":false,"template":"","format":"standard","meta":{"footnotes":""},"categories":[4,184],"tags":[],"class_list":["post-150469","post","type-post","status-publish","format-standard","has-post-thumbnail","hentry","category-policiales","category-siniestro-vial"],"_links":{"self":[{"href":"https:\/\/vinasfm.com\/noticias\/wp-json\/wp\/v2\/posts\/150469","targetHints":{"allow":["GET"]}}],"collection":[{"href":"https:\/\/vinasfm.com\/noticias\/wp-json\/wp\/v2\/posts"}],"about":[{"href":"https:\/\/vinasfm.com\/noticias\/wp-json\/wp\/v2\/types\/post"}],"author":[{"embeddable":true,"href":"https:\/\/vinasfm.com\/noticias\/wp-json\/wp\/v2\/users\/7"}],"replies":[{"embeddable":true,"href":"https:\/\/vinasfm.com\/noticias\/wp-json\/wp\/v2\/comments?post=150469"}],"version-history":[{"count":4,"href":"https:\/\/vinasfm.com\/noticias\/wp-json\/wp\/v2\/posts\/150469\/revisions"}],"predecessor-version":[{"id":150483,"href":"https:\/\/vinasfm.com\/noticias\/wp-json\/wp\/v2\/posts\/150469\/revisions\/150483"}],"wp:featuredmedia":[{"embeddable":true,"href":"https:\/\/vinasfm.com\/noticias\/wp-json\/wp\/v2\/media\/150481"}],"wp:attachment":[{"href":"https:\/\/vinasfm.com\/noticias\/wp-json\/wp\/v2\/media?parent=150469"}],"wp:term":[{"taxonomy":"category","embeddable":true,"href":"https:\/\/vinasfm.com\/noticias\/wp-json\/wp\/v2\/categories?post=150469"},{"taxonomy":"post_tag","embeddable":true,"href":"https:\/\/vinasfm.com\/noticias\/wp-json\/wp\/v2\/tags?post=150469"}],"curies":[{"name":"wp","href":"https:\/\/api.w.org\/{rel}","templated":true}]}}